{"id":99045,"date":"2025-12-29T15:34:51","date_gmt":"2025-12-29T19:34:51","guid":{"rendered":"https:\/\/alofokedeportes.com\/en\/sin-categoria\/richard-bautista-athlete-of-the-year-from-abadina-odalis-sanchez-recognized\/"},"modified":"2025-12-29T15:34:51","modified_gmt":"2025-12-29T19:34:51","slug":"richard-bautista-athlete-of-the-year-from-abadina-odalis-sanchez-recognized","status":"publish","type":"post","link":"https:\/\/alofokedeportes.com\/en\/nationals\/richard-bautista-athlete-of-the-year-from-abadina-odalis-sanchez-recognized\/","title":{"rendered":"Richard Bautista, &#8220;Athlete of the Year&#8221; from Abadina; Odalis S\u00e1nchez Recognized"},"content":{"rendered":"<strong>Santo Domingo, DR.<\/strong> The Basketball Association of the National District (Abadina) held its traditional annual awards ceremony, highlighting key figures in local basketball.\n\n<h2>Richard Bautista, Athlete of the Year<\/h2>\n\nRichard Bautista, a player from the Mauricio B\u00e1ez club, was awarded &#8220;Athlete of the Year.&#8221; Bautista, known as &#8220;Manito&#8221; and hailing from the El Caliche club of Cristo Rey, was recognized for his outstanding performance in the TBS Distrito 2025.\n\nHis leadership led the Mauricio B\u00e1ez club to conquer its tenth championship, solidifying its impact on district basketball.\n\n\n<h2 class=\"wp-block-heading\">Recognition to Odalis S\u00e1nchez<\/h2>\n\n\nThe journalist Odalis S\u00e1nchez was also honored for his career and dedication to basketball. With almost 25 years of experience, S\u00e1nchez has extensively covered basketball events in the National District, including minor and major Abadina tournaments.\n\nS\u00e1nchez has been the press director of the TBS District for the last eight years and also holds the same role in the Dominican Basketball Federation (Fedombal) and in the senior men&#8217;s national team, both in national and international events.\n\n\n<h2 class=\"wp-block-heading\">Other Recognitions<\/h2>\n\n\nIn addition to Bautista and S\u00e1nchez, Abadina recognized other important figures:\n\n\n<ul class=\"wp-block-list\"><li>Jonathan Betances (Dom Deportes), for his work on social media.<\/li><li>El Caliche club from Cristo Rey, as &#8220;More Development&#8221;, represented by coach Edinson Javier (Pippen) and Leonel Batista.<\/li><li>Jairo N\u00fa\u00f1ez, from Los Pioneros club, from Villas Agr\u00edcolas.<\/li><\/ul>\n\n\nThe ceremony, led by Edwin Castillo (Tatico), president of Abadina, took place at the Volleyball Training Center of the Juan Pablo Duarte Olympic Center.\n\n<h2>Bameso, Club of the Year<\/h2>\n\nThe main recognition of the night was for Bameso, chosen &#8220;Club of the Year&#8221;.\n\nCastillo was accompanied by the directors H\u00e9ctor Junior Gil (vice president), Jos\u00e9 -Boy\u00f3n- Dom\u00ednguez (general secretary), Alex Romero (Organization), Santos Mar\u00eda (press), Anthony Fern\u00e1ndez and C\u00e9sar Pilarte.\n\nThe directors of Abadina presented the plaque to Alberto Castro and Augusto Castro (president and advisor of Bameso, respectively), and to the lawyer Pedro Lara, also an advisor to Bameso.","protected":false},"excerpt":{"rendered":"<p>Santo Domingo, DR. The Basketball Association of the National District (Abadina) held its traditional annual awards ceremony, highlighting key figures in local basketball. Richard Bautista, Athlete of the Year Richard Bautista, a player from the Mauricio B\u00e1ez club, was awarded &#8220;Athlete of the Year.&#8221; Bautista, known as &#8220;Manito&#8221; and hailing from the El Caliche club [&hellip;]<\/p>\n","protected":false},"author":1,"featured_media":99046,"comment_status":"open","ping_status":"open","sticky":false,"template":"","format":"standard","meta":{"footnotes":""},"categories":[997],"tags":[8357,389,11174,11175],"class_list":{"0":"post-99045","1":"post","2":"type-post","3":"status-publish","4":"format-standard","5":"has-post-thumbnail","7":"category-nationals","8":"tag-abadina","9":"tag-basketball","10":"tag-odalis-sanchez","11":"tag-richard-bautista"},"amp_enabled":true,"_links":{"self":[{"href":"https:\/\/alofokedeportes.com\/en\/wp-json\/wp\/v2\/posts\/99045","targetHints":{"allow":["GET"]}}],"collection":[{"href":"https:\/\/alofokedeportes.com\/en\/wp-json\/wp\/v2\/posts"}],"about":[{"href":"https:\/\/alofokedeportes.com\/en\/wp-json\/wp\/v2\/types\/post"}],"author":[{"embeddable":true,"href":"https:\/\/alofokedeportes.com\/en\/wp-json\/wp\/v2\/users\/1"}],"replies":[{"embeddable":true,"href":"https:\/\/alofokedeportes.com\/en\/wp-json\/wp\/v2\/comments?post=99045"}],"version-history":[{"count":0,"href":"https:\/\/alofokedeportes.com\/en\/wp-json\/wp\/v2\/posts\/99045\/revisions"}],"wp:featuredmedia":[{"embeddable":true,"href":"https:\/\/alofokedeportes.com\/en\/wp-json\/wp\/v2\/media\/99046"}],"wp:attachment":[{"href":"https:\/\/alofokedeportes.com\/en\/wp-json\/wp\/v2\/media?parent=99045"}],"wp:term":[{"taxonomy":"category","embeddable":true,"href":"https:\/\/alofokedeportes.com\/en\/wp-json\/wp\/v2\/categories?post=99045"},{"taxonomy":"post_tag","embeddable":true,"href":"https:\/\/alofokedeportes.com\/en\/wp-json\/wp\/v2\/tags?post=99045"}],"curies":[{"name":"wp","href":"https:\/\/api.w.org\/{rel}","templated":true}]}}