{"id":83428,"date":"2025-11-20T09:23:17","date_gmt":"2025-11-20T13:23:17","guid":{"rendered":"https:\/\/alofokedeportes.com\/en\/sin-categoria\/real-madrid-virtual-reality-revolutionizes-the-fan-experience-infinite-bernabeu\/"},"modified":"2025-11-20T09:23:17","modified_gmt":"2025-11-20T13:23:17","slug":"real-madrid-virtual-reality-revolutionizes-the-fan-experience-infinite-bernabeu","status":"publish","type":"post","link":"https:\/\/alofokedeportes.com\/en\/soccer\/real-madrid-virtual-reality-revolutionizes-the-fan-experience-infinite-bernabeu\/","title":{"rendered":"Real Madrid: Virtual Reality Revolutionizes the Fan Experience, &#8220;Infinite Bernab\u00e9u&#8221;"},"content":{"rendered":"<h2>Florentino P\u00e9rez Reveals Details of the &#8220;Infinite Bernab\u00e9u&#8221; Project<\/h2>\n\nReal Madrid president Florentino P\u00e9rez has shared new details about the club&#8217;s ambitious virtual reality project, called &#8220;Bernab\u00e9u Infinito&#8221;. In collaboration with Apple, this initiative promises to revolutionize the experience of football fans.\n\nAccording to P\u00e9rez, this alliance &#8220;will be like opening the stadium doors to the whole planet.&#8221; The project seeks to offer fans the possibility of experiencing the excitement of the stadium from anywhere in the world.\n\nDuring the UEFA Champions League match against Juventus, which Real Madrid won 1-0, more than 30 special cameras were used to capture images. The filmed material will be used in a documentary that will be released next year for Apple&#8217;s Vision Pro virtual reality viewer.\n\nThis innovative proposal will allow fans to immerse themselves in the atmosphere of the Bernab\u00e9u as if they were present in the stadium. The cameras were located in various areas of the stadium, including the tunnel, the edge of the field, the press room, and the conference room.\n\n\n<blockquote class=\"wp-block-quote is-layout-flow wp-block-quote-is-layout-flow\">\n\n<p>&#8220;It&#8217;s a project I&#8217;ve pursued for many years: to allow any fan to experience the emotion of the Bernab\u00e9u as if they were right here in the stadium,&#8221; said P\u00e9rez.<\/p>\n\n<cite>Florentino P\u00e9rez<\/cite><\/blockquote>\n\n\nP\u00e9rez highlighted that the main objective of the project is not to increase revenue, but to offer fans a unique experience. &#8220;What&#8217;s really special is offering one billion Real Madrid fans, around the world, the experience they want to have,&#8221; he stated.\n\n\n<figure class=\"wp-block-image\"><img decoding=\"async\" src=\"https:\/\/a1.espncdn.com\/combiner\/i?img=%2Fphoto%2F2025%2F1116%2Fr1576234_1296x729_16%2D9.jpg\" alt=\"Real Madrid hosted the Washington Commanders and Miami Dolphins this past Sunday.\" title=\"\"><\/figure>\n\n\nThe &#8220;Bernab\u00e9u Infinito&#8221; project promises to transform the way fans interact with Real Madrid, marking a before and after in the world of sports.","protected":false},"excerpt":{"rendered":"<p>Florentino P\u00e9rez Reveals Details of the &#8220;Infinite Bernab\u00e9u&#8221; Project Real Madrid president Florentino P\u00e9rez has shared new details about the club&#8217;s ambitious virtual reality project, called &#8220;Bernab\u00e9u Infinito&#8221;. In collaboration with Apple, this initiative promises to revolutionize the experience of football fans. According to P\u00e9rez, this alliance &#8220;will be like opening the stadium doors to [&hellip;]<\/p>\n","protected":false},"author":1,"featured_media":83429,"comment_status":"open","ping_status":"open","sticky":false,"template":"","format":"standard","meta":{"footnotes":""},"categories":[41],"tags":[8901,5938,254,8718],"class_list":{"0":"post-83428","1":"post","2":"type-post","3":"status-publish","4":"format-standard","5":"has-post-thumbnail","7":"category-soccer","8":"tag-apple","9":"tag-bernabeu","10":"tag-real-madrid","11":"tag-vr"},"amp_enabled":true,"_links":{"self":[{"href":"https:\/\/alofokedeportes.com\/en\/wp-json\/wp\/v2\/posts\/83428","targetHints":{"allow":["GET"]}}],"collection":[{"href":"https:\/\/alofokedeportes.com\/en\/wp-json\/wp\/v2\/posts"}],"about":[{"href":"https:\/\/alofokedeportes.com\/en\/wp-json\/wp\/v2\/types\/post"}],"author":[{"embeddable":true,"href":"https:\/\/alofokedeportes.com\/en\/wp-json\/wp\/v2\/users\/1"}],"replies":[{"embeddable":true,"href":"https:\/\/alofokedeportes.com\/en\/wp-json\/wp\/v2\/comments?post=83428"}],"version-history":[{"count":0,"href":"https:\/\/alofokedeportes.com\/en\/wp-json\/wp\/v2\/posts\/83428\/revisions"}],"wp:featuredmedia":[{"embeddable":true,"href":"https:\/\/alofokedeportes.com\/en\/wp-json\/wp\/v2\/media\/83429"}],"wp:attachment":[{"href":"https:\/\/alofokedeportes.com\/en\/wp-json\/wp\/v2\/media?parent=83428"}],"wp:term":[{"taxonomy":"category","embeddable":true,"href":"https:\/\/alofokedeportes.com\/en\/wp-json\/wp\/v2\/categories?post=83428"},{"taxonomy":"post_tag","embeddable":true,"href":"https:\/\/alofokedeportes.com\/en\/wp-json\/wp\/v2\/tags?post=83428"}],"curies":[{"name":"wp","href":"https:\/\/api.w.org\/{rel}","templated":true}]}}