{"id":83149,"date":"2025-11-20T01:17:21","date_gmt":"2025-11-20T05:17:21","guid":{"rendered":"https:\/\/alofokedeportes.com\/en\/sin-categoria\/militao-out-for-two-weeks-with-a-muscle-injury-real-madrid-loses-its-defender\/"},"modified":"2025-11-20T01:17:21","modified_gmt":"2025-11-20T05:17:21","slug":"militao-out-for-two-weeks-with-a-muscle-injury-real-madrid-loses-its-defender","status":"publish","type":"post","link":"https:\/\/alofokedeportes.com\/en\/nationals\/militao-out-for-two-weeks-with-a-muscle-injury-real-madrid-loses-its-defender\/","title":{"rendered":"Militao out for two weeks with a muscle injury: Real Madrid loses its defender"},"content":{"rendered":"<h2>Militao, out with a muscle injury<\/h2>\n\nReal Madrid&#8217;s Brazilian defender, \u00c9der Militao, will be out of the fields for approximately two weeks due to a muscle injury. This is reported by club sources.\n\nThe club confirmed the injury through an official statement, after the tests carried out by the medical services.\n\n\n<blockquote class=\"wp-block-quote is-layout-flow wp-block-quote-is-layout-flow\"><p>\u201cFollowing tests carried out today on our player \u00c9der Milit\u00e3o by the Real Madrid Medical Services, he has been diagnosed with a muscle injury in the adductor major of his right leg\u201d<\/p><cite>Real Madrid Statement<\/cite><\/blockquote>\n\n\nMilitao retired from the field during Brazil&#8217;s friendly with Senegal, showing a slight limp.\n\nThe player, a key piece in the team&#8217;s scheme, played 90 minutes against Senegal and 60 against Tunisia, where he had to leave the match.\n\nThe incident occurred in the 60th minute of the match against Tunisia, after feeling muscle discomfort following a pass.\n\nThe medical tests performed confirmed the injury, which will keep him away from the playing fields.\n\n\n<figure class=\"wp-block-image\"><img decoding=\"async\" src=\"https:\/\/www.efe.com\/efe\/america\/deportes\/militao-causa-preocupacion-real-madrid-lesionarse-amistoso-brasil\/50000105-4927702\" alt=\"\u00c9der Milit\u00e3o en acci\u00f3n\" title=\"\"><\/figure>\n\n\nThis injury will prevent him from participating in the upcoming league matches against Elche and Girona, as well as in the Champions League match against Olympiacos in Greece.","protected":false},"excerpt":{"rendered":"<p>Militao, out with a muscle injury Real Madrid&#8217;s Brazilian defender, \u00c9der Militao, will be out of the fields for approximately two weeks due to a muscle injury. This is reported by club sources. The club confirmed the injury through an official statement, after the tests carried out by the medical services. \u201cFollowing tests carried out [&hellip;]<\/p>\n","protected":false},"author":1,"featured_media":83150,"comment_status":"open","ping_status":"open","sticky":false,"template":"","format":"standard","meta":{"footnotes":""},"categories":[997],"tags":[7189,10387,6794,254],"class_list":{"0":"post-83149","1":"post","2":"type-post","3":"status-publish","4":"format-standard","5":"has-post-thumbnail","7":"category-nationals","8":"tag-eder-militao","9":"tag-low","10":"tag-muscle-injury","11":"tag-real-madrid"},"amp_enabled":true,"_links":{"self":[{"href":"https:\/\/alofokedeportes.com\/en\/wp-json\/wp\/v2\/posts\/83149","targetHints":{"allow":["GET"]}}],"collection":[{"href":"https:\/\/alofokedeportes.com\/en\/wp-json\/wp\/v2\/posts"}],"about":[{"href":"https:\/\/alofokedeportes.com\/en\/wp-json\/wp\/v2\/types\/post"}],"author":[{"embeddable":true,"href":"https:\/\/alofokedeportes.com\/en\/wp-json\/wp\/v2\/users\/1"}],"replies":[{"embeddable":true,"href":"https:\/\/alofokedeportes.com\/en\/wp-json\/wp\/v2\/comments?post=83149"}],"version-history":[{"count":0,"href":"https:\/\/alofokedeportes.com\/en\/wp-json\/wp\/v2\/posts\/83149\/revisions"}],"wp:featuredmedia":[{"embeddable":true,"href":"https:\/\/alofokedeportes.com\/en\/wp-json\/wp\/v2\/media\/83150"}],"wp:attachment":[{"href":"https:\/\/alofokedeportes.com\/en\/wp-json\/wp\/v2\/media?parent=83149"}],"wp:term":[{"taxonomy":"category","embeddable":true,"href":"https:\/\/alofokedeportes.com\/en\/wp-json\/wp\/v2\/categories?post=83149"},{"taxonomy":"post_tag","embeddable":true,"href":"https:\/\/alofokedeportes.com\/en\/wp-json\/wp\/v2\/tags?post=83149"}],"curies":[{"name":"wp","href":"https:\/\/api.w.org\/{rel}","templated":true}]}}