{"id":6896,"date":"2025-05-19T07:14:13","date_gmt":"2025-05-19T11:14:13","guid":{"rendered":"https:\/\/alofokedeportes.com\/en\/sin-categoria\/mount-seeks-revenge-at-man-utd-focused-on-europa-league-after-injuries\/"},"modified":"2025-05-19T07:14:13","modified_gmt":"2025-05-19T11:14:13","slug":"mount-seeks-revenge-at-man-utd-focused-on-europa-league-after-injuries","status":"publish","type":"post","link":"https:\/\/alofokedeportes.com\/en\/soccer\/mount-seeks-revenge-at-man-utd-focused-on-europa-league-after-injuries\/","title":{"rendered":"Mount Seeks Revenge at Man Utd: Focused on Europa League After Injuries"},"content":{"rendered":"\n<h2 class=\"wp-block-heading\">Mason Mount Seeks Redemption in the Europa League After a Difficult Start at Manchester United<\/h2>\n\n\n\n<p>Manchester United midfielder Mason Mount has shared his experiences about the complicated start to his career at the club, as he prepares to leave behind two years marked by injuries and fight to win the Europa League.<\/p>\n\n\n\n<p>Mount could start against Tottenham Hotspur in Bilbao, having been included in the starting eleven in three of the last four matches.<\/p>\n\n\n\n<p>Mount&#8217;s return has been timely. Injuries have limited his participation to just 45 appearances since joining United from Chelsea in 2023, in a \u00a360 million deal. He has completed the full 90 minutes on only one occasion.<\/p>\n\n\n\n<p>Mount acknowledges that his time at Old Trafford has been &#8220;tough&#8221;, but now, recovered and with valuable minutes under his belt, he hopes to crown his return with a winner&#8217;s medal in the Europa League.<\/p>\n\n\n\n<blockquote class=\"wp-block-quote is-layout-flow wp-block-quote-is-layout-flow\"><p>I&#8217;ve had many days at Carrington (United&#8217;s training ground) sitting on the treatment table, where I want to be training. I&#8217;ve been in the stands watching matches where I want to be playing. I gave it my all to continue with my rehabilitation and try to get back as soon as possible.<\/p><cite>Mason Mount<\/cite><\/blockquote>\n\n\n\n<p>The player has highlighted that he has learned a lot from these difficult moments and that now, feeling better, he appreciates his situation more.<\/p>\n\n\n\n<figure class=\"wp-block-image\"><img decoding=\"async\" src=\"https:\/\/a.espncdn.com\/combiner\/i?img=%2Fphoto%2F2024%2F1220%2Fr1430135_1296x729_16%2D9.jpg\" alt=\"Mason Mount ha tenido numerosos contratiempos por lesiones desde que se uni\u00f3 al Man United.\" title=\"\"><figcaption>Mason Mount ha tenido numerosos contratiempos por lesiones desde que se uni\u00f3 al Man United.<\/figcaption><\/figure>\n\n\n\n<p>Mount, who averaged nearly 50 games per season in his four years at Chelsea, suffered an injury in his second match with United, forcing him to spend long periods off the pitch, both this season and the previous one.<\/p>\n\n\n\n<p>He missed four months of last season due to a calf problem and another three months of this season with a hamstring injury. His only full match to date was in the League Cup defeat to Newcastle in November 2023.<\/p>\n\n\n\n<p>Despite his prolonged absences, both former coach Erik ten Hag and current coach Ruben Amorim have considered Mount an important part of the team.<\/p>\n\n\n\n<p>He backed this up with two crucial goals in the second leg of the Europa League semi-final against Athletic Club.<\/p>\n\n\n\n<blockquote class=\"wp-block-quote is-layout-flow wp-block-quote-is-layout-flow\"><p>Injuries are something I obviously didn&#8217;t see coming. It hasn&#8217;t been easy, but I&#8217;ve stayed very focused throughout that time. I always had the end goal in mind that it would go well and something would happen and I would have a moment where I would score some goals or something would happen.<\/p><cite>Mason Mount<\/cite><\/blockquote>\n\n\n\n<p>The player has stated that it has not been easy to be off the field, watching the matches from the stands, but he has persevered and now appreciates the support of the fans.<\/p>\n\n\n\n<figure class=\"wp-block-image\"><img decoding=\"async\" src=\"https:\/\/a1.espncdn.com\/combiner\/i?img=%2Fphoto%2F2025%2F0519%2Fr1495184_1296x729_16%2D9.jpg\" alt=\"Mount finalmente ha logrado sumar tiempo de juego constante en las \u00faltimas semanas.\" title=\"\"><figcaption>Mount finalmente ha logrado sumar tiempo de juego constante en las \u00faltimas semanas.<\/figcaption><\/figure>\n\n\n\n<p>The arrival of Mount at United generated high expectations. He was part of the team that won the Champions League in 2021 and played a key role in the European Championship final with England the same year.<\/p>\n\n\n\n<p>The pressure on his shoulders increased when wearing the iconic number 7 jersey, used by club legends such as George Best, Eric Cantona, David Beckham, and Cristiano Ronaldo.<\/p>\n\n\n\n<p>The number 7 weighed on other players like \u00c1ngel Di Mar\u00eda and Alexis S\u00e1nchez, but Mount is willing to take on the challenge of living up to its history.<\/p>\n\n\n\n<blockquote class=\"wp-block-quote is-layout-flow wp-block-quote-is-layout-flow\"><p>It was a huge honor. Obviously, I knew before joining what legends have worn the shirt and what it means for the club. As soon as I knew there was a possibility of wearing it, I would never turn it down. I always wanted to take that opportunity.<\/p><cite>Mason Mount<\/cite><\/blockquote>\n\n\n\n<p>No solo Mount busca un impulso en Bilbao.<\/p>\n\n\n\n<p>United has already secured its worst position in the Premier League and winning the Europa League would secure a place in the Champions League and provide vital funds for the team&#8217;s renovation in the summer.<\/p>\n\n\n\n<p>Mount also believes that winning his first trophy under Amorim&#8217;s management would provide a platform to improve next season.<\/p>\n\n\n\n<blockquote class=\"wp-block-quote is-layout-flow wp-block-quote-is-layout-flow\"><p>I feel like we&#8217;re close. It&#8217;s small details here and there in the games. Especially in the Premier League. If the small details aren&#8217;t right, you can get punished. Sometimes it can be devastating. In the Premier League it&#8217;s fine margins.<\/p><cite>Mason Mount<\/cite><\/blockquote>\n\n\n\n<p>Mount added that the team is working to correct those details and that winning trophies increases the confidence and unity of the group. The goal is to finish the season positively and prepare for the next season.<\/p>\n\n\n\n<p>The player concluded by saying that, as a team, they try to ignore the external noise and focus on the Europa League, which represents an opportunity to secure a place in the Champions League and finish a difficult season on a positive note.<\/p>\n","protected":false},"excerpt":{"rendered":"<p>Mason Mount Seeks Redemption in the Europa League After a Difficult Start at Manchester United Manchester United midfielder Mason Mount has shared his experiences about the complicated start to his career at the club, as he prepares to leave behind two years marked by injuries and fight to win the Europa League. Mount could start [&hellip;]<\/p>\n","protected":false},"author":1,"featured_media":6897,"comment_status":"open","ping_status":"open","sticky":false,"template":"","format":"standard","meta":{"footnotes":""},"categories":[41],"tags":[274,355,143,1347],"class_list":{"0":"post-6896","1":"post","2":"type-post","3":"status-publish","4":"format-standard","5":"has-post-thumbnail","7":"category-soccer","8":"tag-europa-league","9":"tag-injuries","10":"tag-manchester-united","11":"tag-mason-mount"},"amp_enabled":true,"_links":{"self":[{"href":"https:\/\/alofokedeportes.com\/en\/wp-json\/wp\/v2\/posts\/6896","targetHints":{"allow":["GET"]}}],"collection":[{"href":"https:\/\/alofokedeportes.com\/en\/wp-json\/wp\/v2\/posts"}],"about":[{"href":"https:\/\/alofokedeportes.com\/en\/wp-json\/wp\/v2\/types\/post"}],"author":[{"embeddable":true,"href":"https:\/\/alofokedeportes.com\/en\/wp-json\/wp\/v2\/users\/1"}],"replies":[{"embeddable":true,"href":"https:\/\/alofokedeportes.com\/en\/wp-json\/wp\/v2\/comments?post=6896"}],"version-history":[{"count":0,"href":"https:\/\/alofokedeportes.com\/en\/wp-json\/wp\/v2\/posts\/6896\/revisions"}],"wp:featuredmedia":[{"embeddable":true,"href":"https:\/\/alofokedeportes.com\/en\/wp-json\/wp\/v2\/media\/6897"}],"wp:attachment":[{"href":"https:\/\/alofokedeportes.com\/en\/wp-json\/wp\/v2\/media?parent=6896"}],"wp:term":[{"taxonomy":"category","embeddable":true,"href":"https:\/\/alofokedeportes.com\/en\/wp-json\/wp\/v2\/categories?post=6896"},{"taxonomy":"post_tag","embeddable":true,"href":"https:\/\/alofokedeportes.com\/en\/wp-json\/wp\/v2\/tags?post=6896"}],"curies":[{"name":"wp","href":"https:\/\/api.w.org\/{rel}","templated":true}]}}