{"id":6517,"date":"2025-05-16T11:45:01","date_gmt":"2025-05-16T15:45:01","guid":{"rendered":"https:\/\/alofokedeportes.com\/en\/sin-categoria\/guardiola-fa-cup-important-for-city-despite-irregular-season\/"},"modified":"2025-05-16T11:45:01","modified_gmt":"2025-05-16T15:45:01","slug":"guardiola-fa-cup-important-for-city-despite-irregular-season","status":"publish","type":"post","link":"https:\/\/alofokedeportes.com\/en\/soccer\/guardiola-fa-cup-important-for-city-despite-irregular-season\/","title":{"rendered":"Guardiola: &#8220;FA Cup Important&#8221; for City, despite irregular season"},"content":{"rendered":"<p>Pep Guardiola dismisses the idea that winning the FA Cup was not a priority for Manchester City at the beginning of the season. The coach insists on the importance of his players lifting the trophy this Saturday.<\/p>\n\n<p>Guardiola&#8217;s team, after a season with ups and downs, missed out on the Premier League title and the Champions League. However, Guardiola rejects the notion that winning the FA Cup is irrelevant for a team accustomed to achieving great things.<\/p>\n\n<p>El City se enfrentar\u00e1 al Crystal Palace en Wembley el s\u00e1bado, buscando ganar la competici\u00f3n por octava vez en su historia.<\/p>\n\n<blockquote class=\"wp-block-quote is-layout-flow wp-block-quote-is-layout-flow\"><p>That&#8217;s the problem, the FA Cup is not the first option now. Of course we want it. Now we are here, we want to lift the trophy. We are disappointed with our performances this season, but I am sure we will play well and compete against them [Palace]. It is definitely important.<\/p><cite>Pep Guardiola<\/cite><\/blockquote>\n\n<p>Guardiola emphasizes that the team must be present and win the previous matches to have the opportunity to lift the trophy, something they have achieved on multiple occasions.<\/p>\n\n<figure class=\"wp-block-image\"><img decoding=\"async\" src=\"https:\/\/a1.espncdn.com\/combiner\/i?img=%2Fphoto%2F2025%2F0515%2Fr1492708_2_1296x729_16%2D9.jpg\" alt=\"Pep Guardiola\" title=\"\"><figcaption>Pep Guardiola aspira a ganar su tercera FA Cup este fin de semana cuando su equipo, el Manchester City, se enfrente al Crystal Palace en Wembley.<\/figcaption><\/figure>\n\n<p>Guardiola has no new injury concerns ahead of the final. In a press conference on Friday, the City manager was asked about the possibility of Rodri being on the bench at Wembley.<\/p>\n\n<p>The midfielder has been out since September due to a knee injury, but he has now returned to training. After the FA Cup final, City has two more Premier League matches against Bournemouth and Fulham before flying to the United States in June for the Club World Cup.<\/p>\n\n<blockquote class=\"wp-block-quote is-layout-flow wp-block-quote-is-layout-flow\"><p>I am waiting for the doctors. When they tell me it&#8217;s ready, it will start. We don&#8217;t want to take risks and cause a setback.<\/p><cite>Pep Guardiola<\/cite><\/blockquote>\n\n<p>Meanwhile, Guardiola refused to answer questions about Florian Wirtz, a summer transfer target.<\/p>\n\n<p>Sources indicate that City has contacted Wirtz&#8217;s representatives, with the German midfielder considered as a possible successor to Kevin De Bruyne.<\/p>\n\n<blockquote class=\"wp-block-quote is-layout-flow wp-block-quote-is-layout-flow\"><p>It&#8217;s not the time to talk about it before the FA Cup final. I have 24 exceptional players, I don&#8217;t want to talk about the future for a second.<\/p><cite>Pep Guardiola<\/cite><\/blockquote>","protected":false},"excerpt":{"rendered":"<p>Pep Guardiola dismisses the idea that winning the FA Cup was not a priority for Manchester City at the beginning of the season. The coach insists on the importance of his players lifting the trophy this Saturday. Guardiola&#8217;s team, after a season with ups and downs, missed out on the Premier League title and the [&hellip;]<\/p>\n","protected":false},"author":1,"featured_media":6518,"comment_status":"open","ping_status":"open","sticky":false,"template":"","format":"standard","meta":{"footnotes":""},"categories":[41],"tags":[2242,1198,1200,267],"class_list":{"0":"post-6517","1":"post","2":"type-post","3":"status-publish","4":"format-standard","5":"has-post-thumbnail","7":"category-soccer","8":"tag-fa-cup","9":"tag-guardiola","10":"tag-manchester-city","11":"tag-wembley"},"amp_enabled":true,"_links":{"self":[{"href":"https:\/\/alofokedeportes.com\/en\/wp-json\/wp\/v2\/posts\/6517","targetHints":{"allow":["GET"]}}],"collection":[{"href":"https:\/\/alofokedeportes.com\/en\/wp-json\/wp\/v2\/posts"}],"about":[{"href":"https:\/\/alofokedeportes.com\/en\/wp-json\/wp\/v2\/types\/post"}],"author":[{"embeddable":true,"href":"https:\/\/alofokedeportes.com\/en\/wp-json\/wp\/v2\/users\/1"}],"replies":[{"embeddable":true,"href":"https:\/\/alofokedeportes.com\/en\/wp-json\/wp\/v2\/comments?post=6517"}],"version-history":[{"count":0,"href":"https:\/\/alofokedeportes.com\/en\/wp-json\/wp\/v2\/posts\/6517\/revisions"}],"wp:featuredmedia":[{"embeddable":true,"href":"https:\/\/alofokedeportes.com\/en\/wp-json\/wp\/v2\/media\/6518"}],"wp:attachment":[{"href":"https:\/\/alofokedeportes.com\/en\/wp-json\/wp\/v2\/media?parent=6517"}],"wp:term":[{"taxonomy":"category","embeddable":true,"href":"https:\/\/alofokedeportes.com\/en\/wp-json\/wp\/v2\/categories?post=6517"},{"taxonomy":"post_tag","embeddable":true,"href":"https:\/\/alofokedeportes.com\/en\/wp-json\/wp\/v2\/tags?post=6517"}],"curies":[{"name":"wp","href":"https:\/\/api.w.org\/{rel}","templated":true}]}}