{"id":57892,"date":"2025-10-22T15:12:21","date_gmt":"2025-10-22T19:12:21","guid":{"rendered":"https:\/\/alofokedeportes.com\/en\/sin-categoria\/flick-suspended-will-not-coach-barcelona-in-the-clasico-vs-real-madrid\/"},"modified":"2025-10-22T15:12:21","modified_gmt":"2025-10-22T19:12:21","slug":"flick-suspended-will-not-coach-barcelona-in-the-clasico-vs-real-madrid","status":"publish","type":"post","link":"https:\/\/alofokedeportes.com\/en\/nationals\/flick-suspended-will-not-coach-barcelona-in-the-clasico-vs-real-madrid\/","title":{"rendered":"Flick, suspended: Will not coach Barcelona in the Cl\u00e1sico vs. Real Madrid"},"content":{"rendered":"\n<h2 class=\"wp-block-heading\">Hansi Flick, Suspended for the Cl\u00e1sico<\/h2>\n\n\nFC Barcelona coach Hansi Flick will not be able to lead his team in the next Cl\u00e1sico against Real Madrid at the Santiago Bernab\u00e9u stadium. This is due to a one-match suspension imposed by the Disciplinary Committee of the Spanish Football Federation (RFEF).\n\nThe sanction stems from his expulsion in the match against Girona, corresponding to the last matchday of LaLiga. Flick was cautioned twice for protesting refereeing decisions.\n\nThe Catalan club presented allegations to try to annul the sanction, arguing inconsistencies in the referee&#8217;s report. However, the Committee dismissed this request, indicating that Barcelona did not provide evidence to refute the facts described in the report. Therefore, the sanction is maintained, according to article 120 of the Disciplinary Code.\n\n\n<h2 class=\"wp-block-heading\">Other Disciplinary Sanctions<\/h2>\n\n\nIn addition to Flick, defender Allan Nyom (Getafe) was suspended for two matches due to violent conduct in an action against Vinicius Jr. during the match against Real Madrid.\n\n\u00c1lex Sancris, also from Getafe, received a suspension date after being sent off for two yellow cards.\n\nThe Committee also imposed a one-match ban on defender Carl Starfelt (Celta de Vigo) for his red card against Real Sociedad and fined Villarreal CF for minor disturbances during their last league match.\n\nFinally, the warnings to coaches Jos\u00e9 Bordal\u00e1s (Getafe) and Eder Sarabia (Elche) were ratified.\n\nWith this decision, Barcelona will have to face the Cl\u00e1sico without their main coach on the bench, in a match that could be crucial for the club&#8217;s aspirations in the 2025-2026 season.","protected":false},"excerpt":{"rendered":"<p>Hansi Flick, Suspended for the Cl\u00e1sico FC Barcelona coach Hansi Flick will not be able to lead his team in the next Cl\u00e1sico against Real Madrid at the Santiago Bernab\u00e9u stadium. This is due to a one-match suspension imposed by the Disciplinary Committee of the Spanish Football Federation (RFEF). The sanction stems from his expulsion [&hellip;]<\/p>\n","protected":false},"author":1,"featured_media":0,"comment_status":"open","ping_status":"open","sticky":false,"template":"","format":"standard","meta":{"footnotes":""},"categories":[997],"tags":[929,2022,254,5885],"class_list":{"0":"post-57892","1":"post","2":"type-post","3":"status-publish","4":"format-standard","6":"category-nationals","7":"tag-classic","8":"tag-hansi-flick","9":"tag-real-madrid","10":"tag-sanction"},"amp_enabled":true,"_links":{"self":[{"href":"https:\/\/alofokedeportes.com\/en\/wp-json\/wp\/v2\/posts\/57892","targetHints":{"allow":["GET"]}}],"collection":[{"href":"https:\/\/alofokedeportes.com\/en\/wp-json\/wp\/v2\/posts"}],"about":[{"href":"https:\/\/alofokedeportes.com\/en\/wp-json\/wp\/v2\/types\/post"}],"author":[{"embeddable":true,"href":"https:\/\/alofokedeportes.com\/en\/wp-json\/wp\/v2\/users\/1"}],"replies":[{"embeddable":true,"href":"https:\/\/alofokedeportes.com\/en\/wp-json\/wp\/v2\/comments?post=57892"}],"version-history":[{"count":0,"href":"https:\/\/alofokedeportes.com\/en\/wp-json\/wp\/v2\/posts\/57892\/revisions"}],"wp:attachment":[{"href":"https:\/\/alofokedeportes.com\/en\/wp-json\/wp\/v2\/media?parent=57892"}],"wp:term":[{"taxonomy":"category","embeddable":true,"href":"https:\/\/alofokedeportes.com\/en\/wp-json\/wp\/v2\/categories?post=57892"},{"taxonomy":"post_tag","embeddable":true,"href":"https:\/\/alofokedeportes.com\/en\/wp-json\/wp\/v2\/tags?post=57892"}],"curies":[{"name":"wp","href":"https:\/\/api.w.org\/{rel}","templated":true}]}}