{"id":46981,"date":"2025-10-09T10:37:15","date_gmt":"2025-10-09T14:37:15","guid":{"rendered":"https:\/\/alofokedeportes.com\/en\/sin-categoria\/fire-at-vinicius-jrs-house-no-injuries-focus-on-la-moraleja\/"},"modified":"2025-10-09T10:37:15","modified_gmt":"2025-10-09T14:37:15","slug":"fire-at-vinicius-jrs-house-no-injuries-focus-on-la-moraleja","status":"publish","type":"post","link":"https:\/\/alofokedeportes.com\/en\/soccer\/fire-at-vinicius-jrs-house-no-injuries-focus-on-la-moraleja\/","title":{"rendered":"Fire at Vin\u00edcius Jr&#8217;s house: No injuries, focus on La Moraleja"},"content":{"rendered":"<h2>Fire at Vin\u00edcius J\u00fanior&#8217;s Residence in Madrid<\/h2>\n<p>An unexpected incident shook the tranquility of the Brazilian footballer Vin\u00edcius J\u00fanior, while he is concentrated with his national team. A fire affected his residence in Madrid last Thursday, according to sources close to him.<\/p>\n<p>Fortunately, the event, which originated in the basement of the house, specifically on the ceiling of a sauna, did not cause significant damage nor were any injuries reported.<\/p>\n<p>The Real Madrid striker was not on the property at the time of the incident, as he is in Seoul, South Korea, preparing for Brazil&#8217;s friendlies against South Korea and Japan during this FIFA date.<\/p>\n<p>The fire originated on the roof of a sauna, in the basement of the house, which was completely destroyed.<\/p>\n<p>Vin\u00edcius&#8217;s domestic staff and friends, who were in the house, alerted the emergency services around 11 a.m. local time.<\/p>\n<p>Vin\u00edcius&#8217;s residence is located in La Moraleja, one of the most exclusive neighborhoods in Madrid, on the outskirts of the Spanish capital, near Real Madrid&#8217;s sports city, Valdebebas.<\/p>\n<p>Preliminary investigations suggest that an electrical failure could be the cause of the fire, which was brought under control around noon, at which point the firefighters left the scene.<\/p>\n<p>Brazil will face South Korea in Seoul on Friday, before taking on Japan in Tokyo four days later.<\/p>\n","protected":false},"excerpt":{"rendered":"<p>Fire at Vin\u00edcius J\u00fanior&#8217;s Residence in Madrid An unexpected incident shook the tranquility of the Brazilian footballer Vin\u00edcius J\u00fanior, while he is concentrated with his national team. A fire affected his residence in Madrid last Thursday, according to sources close to him. Fortunately, the event, which originated in the basement of the house, specifically on [&hellip;]<\/p>\n","protected":false},"author":1,"featured_media":0,"comment_status":"open","ping_status":"open","sticky":false,"template":"","format":"standard","meta":{"footnotes":""},"categories":[41],"tags":[926,9639,254,402],"class_list":{"0":"post-46981","1":"post","2":"type-post","3":"status-publish","4":"format-standard","6":"category-soccer","7":"tag-brazil","8":"tag-fire","9":"tag-real-madrid","10":"tag-vinicius-junior"},"amp_enabled":true,"_links":{"self":[{"href":"https:\/\/alofokedeportes.com\/en\/wp-json\/wp\/v2\/posts\/46981","targetHints":{"allow":["GET"]}}],"collection":[{"href":"https:\/\/alofokedeportes.com\/en\/wp-json\/wp\/v2\/posts"}],"about":[{"href":"https:\/\/alofokedeportes.com\/en\/wp-json\/wp\/v2\/types\/post"}],"author":[{"embeddable":true,"href":"https:\/\/alofokedeportes.com\/en\/wp-json\/wp\/v2\/users\/1"}],"replies":[{"embeddable":true,"href":"https:\/\/alofokedeportes.com\/en\/wp-json\/wp\/v2\/comments?post=46981"}],"version-history":[{"count":0,"href":"https:\/\/alofokedeportes.com\/en\/wp-json\/wp\/v2\/posts\/46981\/revisions"}],"wp:attachment":[{"href":"https:\/\/alofokedeportes.com\/en\/wp-json\/wp\/v2\/media?parent=46981"}],"wp:term":[{"taxonomy":"category","embeddable":true,"href":"https:\/\/alofokedeportes.com\/en\/wp-json\/wp\/v2\/categories?post=46981"},{"taxonomy":"post_tag","embeddable":true,"href":"https:\/\/alofokedeportes.com\/en\/wp-json\/wp\/v2\/tags?post=46981"}],"curies":[{"name":"wp","href":"https:\/\/api.w.org\/{rel}","templated":true}]}}