{"id":39329,"date":"2025-09-24T10:40:42","date_gmt":"2025-09-24T14:40:42","guid":{"rendered":"https:\/\/alofokedeportes.com\/en\/sin-categoria\/fleetwood-alert-u-s-seeks-revenge-after-ryder-cup-defeat\/"},"modified":"2025-09-24T10:40:42","modified_gmt":"2025-09-24T14:40:42","slug":"fleetwood-alert-u-s-seeks-revenge-after-ryder-cup-defeat","status":"publish","type":"post","link":"https:\/\/alofokedeportes.com\/en\/golf\/fleetwood-alert-u-s-seeks-revenge-after-ryder-cup-defeat\/","title":{"rendered":"Fleetwood Alert: U.S. Seeks Revenge After Ryder Cup Defeat"},"content":{"rendered":"Tommy Fleetwood, a key figure in the European team, warns about the determination of the American team ahead of the next Ryder Cup. The tournament, which will be played at Bethpage Black, promises to be an event full of intensity and excitement.\n\n<h2>Ryder Cup Rematch<\/h2>\n\nEurope will seek to defend the title they won two years ago, after a resounding victory in Rome in 2023. Fleetwood, motivated by the defeat suffered in 2021 at Whistling Straits, anticipates a similar attitude from the American team.\n\n<blockquote class=\"wp-block-quote is-layout-flow wp-block-quote-is-layout-flow\"><p>I think everyone on that team felt we didn&#8217;t do ourselves justice in the way we played and never gave ourselves a chance. We were at a disadvantage from the start.<\/p><cite>Tommy Fleetwood<\/cite><\/blockquote>\n\nThe English player, who participated in his fourth Ryder Cup, emphasized the motivation that defeat generates and the desire for revenge.\n\nFleetwood highlighted his role in Europe&#8217;s victory in Paris 2018 and his outstanding performance in Rome, where he played a crucial role. At 34 years old, he has become one of the most experienced members of the team, backed by his recent triumph at the Tour Championship, his first PGA Tour title.\n\n<figure class=\"wp-block-image\"><img decoding=\"async\" src=\"https:\/\/a1.espncdn.com\/combiner\/i?img=%2Fphoto%2F2025%2F0924%2Fr1550353_1296x729_16%2D9.jpg\" alt=\"Tommy Fleetwood\" title=\"\"><figcaption>Tommy Fleetwood, estrella del equipo europeo, afirm\u00f3 que la derrota en Whistling Straits lo motiv\u00f3 para la pr\u00f3xima Ryder Cup.<\/figcaption><\/figure>\n\nFleetwood expressed his admiration for Rory McIlroy, considering him one of the best players of his generation and a great asset to the team.\n\nThe British golfer considers it a privilege to play alongside McIlroy, valuing his energy and leadership in the Ryder Cup.","protected":false},"excerpt":{"rendered":"<p>Tommy Fleetwood, a key figure in the European team, warns about the determination of the American team ahead of the next Ryder Cup. The tournament, which will be played at Bethpage Black, promises to be an event full of intensity and excitement. Ryder Cup Rematch Europe will seek to defend the title they won two [&hellip;]<\/p>\n","protected":false},"author":1,"featured_media":0,"comment_status":"open","ping_status":"open","sticky":false,"template":"","format":"standard","meta":{"footnotes":""},"categories":[33],"tags":[1298,163,410,4511],"class_list":{"0":"post-39329","1":"post","2":"type-post","3":"status-publish","4":"format-standard","6":"category-golf","7":"tag-europe","8":"tag-golf","9":"tag-ryder-cup","10":"tag-tommy-fleetwood"},"amp_enabled":true,"_links":{"self":[{"href":"https:\/\/alofokedeportes.com\/en\/wp-json\/wp\/v2\/posts\/39329","targetHints":{"allow":["GET"]}}],"collection":[{"href":"https:\/\/alofokedeportes.com\/en\/wp-json\/wp\/v2\/posts"}],"about":[{"href":"https:\/\/alofokedeportes.com\/en\/wp-json\/wp\/v2\/types\/post"}],"author":[{"embeddable":true,"href":"https:\/\/alofokedeportes.com\/en\/wp-json\/wp\/v2\/users\/1"}],"replies":[{"embeddable":true,"href":"https:\/\/alofokedeportes.com\/en\/wp-json\/wp\/v2\/comments?post=39329"}],"version-history":[{"count":0,"href":"https:\/\/alofokedeportes.com\/en\/wp-json\/wp\/v2\/posts\/39329\/revisions"}],"wp:attachment":[{"href":"https:\/\/alofokedeportes.com\/en\/wp-json\/wp\/v2\/media?parent=39329"}],"wp:term":[{"taxonomy":"category","embeddable":true,"href":"https:\/\/alofokedeportes.com\/en\/wp-json\/wp\/v2\/categories?post=39329"},{"taxonomy":"post_tag","embeddable":true,"href":"https:\/\/alofokedeportes.com\/en\/wp-json\/wp\/v2\/tags?post=39329"}],"curies":[{"name":"wp","href":"https:\/\/api.w.org\/{rel}","templated":true}]}}