{"id":34801,"date":"2025-09-15T16:23:32","date_gmt":"2025-09-15T20:23:32","guid":{"rendered":"https:\/\/alofokedeportes.com\/en\/sin-categoria\/toros-del-este-starts-early-camp-with-40-players-preparation-2025-26\/"},"modified":"2025-09-15T16:23:32","modified_gmt":"2025-09-15T20:23:32","slug":"toros-del-este-starts-early-camp-with-40-players-preparation-2025-26","status":"publish","type":"post","link":"https:\/\/alofokedeportes.com\/en\/nationals\/toros-del-este-starts-early-camp-with-40-players-preparation-2025-26\/","title":{"rendered":"Toros del Este Starts Early Camp with 40 Players: Preparation 2025-26"},"content":{"rendered":"<h2>Toros del Este Begin Preparations for the 2025-26 Season<\/h2>\n<p>La Romana \u2013 Los Toros del Este kicked off their preseason with the Early Camp, bringing together 40 players at the Francisco Micheli Stadium. This event marks the beginning of the bullfighting preparation for the 2025-26 season, which will start on October 15.<\/p>\n<p>Jes\u00fas Mej\u00eda, general manager, and V\u00edctor Est\u00e9vez, team leader, welcomed the players who showed up early in the morning. Est\u00e9vez highlighted the importance of communication, integration, and commitment to achieve the goal of returning to the playoffs and fighting for the championship.<\/p>\n<p>Among the players present at the Early Camp were Sandber Pimentel, who signed as a free agent in the offseason; Wendell Rijo; Estamy Ure\u00f1a, after a standout season in Mexico; Yeison Asencio; Engel Beltr\u00e9; Cristopher Familia; Carlos Castro and Luis Valdez.<\/p>\n<p>Regarding the pitchers, Jarlin Garc\u00eda, Jos\u00e9 Adames, Franklyn Kilom\u00e9, Wandisson Charles, Michael Ynoa, and Chester Pimentel, among others, stood out.<\/p>\n<p>Several invited players will seek a spot on the roster, including Roman infielder Jefry Marte, Jeison Guzm\u00e1n, Rainel Rosario, and Richard Ure\u00f1a.<\/p>\n<p>The Early Camp of the Toros del Este will continue throughout the week, with training starting at 9:00 in the morning. The training of the full team will begin next Monday.<\/p>\n","protected":false},"excerpt":{"rendered":"<p>Toros del Este Begin Preparations for the 2025-26 Season La Romana \u2013 Los Toros del Este kicked off their preseason with the Early Camp, bringing together 40 players at the Francisco Micheli Stadium. This event marks the beginning of the bullfighting preparation for the 2025-26 season, which will start on October 15. Jes\u00fas Mej\u00eda, general [&hellip;]<\/p>\n","protected":false},"author":1,"featured_media":34802,"comment_status":"open","ping_status":"open","sticky":false,"template":"","format":"standard","meta":{"footnotes":""},"categories":[997],"tags":[8716,604,1241,5271],"class_list":{"0":"post-34801","1":"post","2":"type-post","3":"status-publish","4":"format-standard","5":"has-post-thumbnail","7":"category-nationals","8":"tag-early-camp","9":"tag-players","10":"tag-season","11":"tag-toros-del-este"},"amp_enabled":true,"_links":{"self":[{"href":"https:\/\/alofokedeportes.com\/en\/wp-json\/wp\/v2\/posts\/34801","targetHints":{"allow":["GET"]}}],"collection":[{"href":"https:\/\/alofokedeportes.com\/en\/wp-json\/wp\/v2\/posts"}],"about":[{"href":"https:\/\/alofokedeportes.com\/en\/wp-json\/wp\/v2\/types\/post"}],"author":[{"embeddable":true,"href":"https:\/\/alofokedeportes.com\/en\/wp-json\/wp\/v2\/users\/1"}],"replies":[{"embeddable":true,"href":"https:\/\/alofokedeportes.com\/en\/wp-json\/wp\/v2\/comments?post=34801"}],"version-history":[{"count":0,"href":"https:\/\/alofokedeportes.com\/en\/wp-json\/wp\/v2\/posts\/34801\/revisions"}],"wp:featuredmedia":[{"embeddable":true,"href":"https:\/\/alofokedeportes.com\/en\/wp-json\/wp\/v2\/media\/34802"}],"wp:attachment":[{"href":"https:\/\/alofokedeportes.com\/en\/wp-json\/wp\/v2\/media?parent=34801"}],"wp:term":[{"taxonomy":"category","embeddable":true,"href":"https:\/\/alofokedeportes.com\/en\/wp-json\/wp\/v2\/categories?post=34801"},{"taxonomy":"post_tag","embeddable":true,"href":"https:\/\/alofokedeportes.com\/en\/wp-json\/wp\/v2\/tags?post=34801"}],"curies":[{"name":"wp","href":"https:\/\/api.w.org\/{rel}","templated":true}]}}