{"id":32045,"date":"2025-09-06T11:55:16","date_gmt":"2025-09-06T15:55:16","guid":{"rendered":"https:\/\/alofokedeportes.com\/en\/sin-categoria\/furious-psg-dembele-injured-with-france-concern-in-paris\/"},"modified":"2025-09-06T11:55:16","modified_gmt":"2025-09-06T15:55:16","slug":"furious-psg-dembele-injured-with-france-concern-in-paris","status":"publish","type":"post","link":"https:\/\/alofokedeportes.com\/en\/soccer\/furious-psg-dembele-injured-with-france-concern-in-paris\/","title":{"rendered":"Furious PSG: Demb\u00e9l\u00e9 Injured with France, Concern in Paris"},"content":{"rendered":"Paris Saint-Germain expresses its discontent with the French national team coach, Didier Deschamps, following Ousmane Demb\u00e9l\u00e9&#8217;s injury in the match against Ukraine.\n\nDemb\u00e9l\u00e9, who came on in the second half, had to leave the field in the 81st minute due to an injury that could sideline him for more than a month. Sources close to the Parisian club indicate that the player will be out for between five and six weeks after undergoing medical tests in the French capital.\n\nThis injury means that Demb\u00e9l\u00e9 will miss the start of the Champions League campaign against Atalanta, the second away match against Barcelona and, possibly, the match against Bayer Leverkusen. In addition, he will not be available for the classic against Marseille and several Ligue 1 matches.\n\nIn Paris, the decision to field Demb\u00e9l\u00e9 was considered incomprehensible. A source revealed that the situation was &#8220;ridiculous&#8221;, especially after concerns about an injury to the other thigh suffered the previous week.\n\n<blockquote class=\"wp-block-quote is-layout-flow wp-block-quote-is-layout-flow\"><p>&#8220;I was sure he was capable of playing a high-level match, otherwise I wouldn&#8217;t have put him on,&#8221; Deschamps said. &#8220;This time, it&#8217;s the other thigh [than against Toulouse]. He was in shape. It&#8217;s a shame for him, but it could have happened to another player.<\/p><cite>Didier Deschamps<\/cite><\/blockquote>\n\n<figure class=\"wp-block-image size-large\"><img decoding=\"async\" src=\"https:\/\/a.espncdn.com\/combiner\/i?img=%2Fphoto%2F2025%2F0906%2Fr1541802_1296x729_16%2D9.jpg\" alt=\"\" title=\"\"><figcaption>Ousmane Demb\u00e9l\u00e9 solo dur\u00f3 36 minutos antes de salir lesionado contra Ucrania el viernes.<\/figcaption><\/figure>\n\nDemb\u00e9l\u00e9&#8217;s teammate in Paris, D\u00e9sir\u00e9 Dou\u00e9, also suffered an injury and came off at halftime against Ukraine. He suffered a calf strain and will be out for three to four weeks, according to the same source.\n\nThe day was unfortunate for PSG in terms of injuries, as their coach, Luis Enrique, ended up in the hospital after suffering a fall while cycling. The Spanish coach, 55 years old, fractured his collarbone and underwent surgery on Friday night.","protected":false},"excerpt":{"rendered":"<p>Paris Saint-Germain expresses its discontent with the French national team coach, Didier Deschamps, following Ousmane Demb\u00e9l\u00e9&#8217;s injury in the match against Ukraine. Demb\u00e9l\u00e9, who came on in the second half, had to leave the field in the 81st minute due to an injury that could sideline him for more than a month. Sources close to [&hellip;]<\/p>\n","protected":false},"author":1,"featured_media":32046,"comment_status":"open","ping_status":"open","sticky":false,"template":"","format":"standard","meta":{"footnotes":""},"categories":[41],"tags":[684,290,3188,706],"class_list":{"0":"post-32045","1":"post","2":"type-post","3":"status-publish","4":"format-standard","5":"has-post-thumbnail","7":"category-soccer","8":"tag-france","9":"tag-injury","10":"tag-ousmane-dembele","11":"tag-psg"},"amp_enabled":true,"_links":{"self":[{"href":"https:\/\/alofokedeportes.com\/en\/wp-json\/wp\/v2\/posts\/32045","targetHints":{"allow":["GET"]}}],"collection":[{"href":"https:\/\/alofokedeportes.com\/en\/wp-json\/wp\/v2\/posts"}],"about":[{"href":"https:\/\/alofokedeportes.com\/en\/wp-json\/wp\/v2\/types\/post"}],"author":[{"embeddable":true,"href":"https:\/\/alofokedeportes.com\/en\/wp-json\/wp\/v2\/users\/1"}],"replies":[{"embeddable":true,"href":"https:\/\/alofokedeportes.com\/en\/wp-json\/wp\/v2\/comments?post=32045"}],"version-history":[{"count":0,"href":"https:\/\/alofokedeportes.com\/en\/wp-json\/wp\/v2\/posts\/32045\/revisions"}],"wp:featuredmedia":[{"embeddable":true,"href":"https:\/\/alofokedeportes.com\/en\/wp-json\/wp\/v2\/media\/32046"}],"wp:attachment":[{"href":"https:\/\/alofokedeportes.com\/en\/wp-json\/wp\/v2\/media?parent=32045"}],"wp:term":[{"taxonomy":"category","embeddable":true,"href":"https:\/\/alofokedeportes.com\/en\/wp-json\/wp\/v2\/categories?post=32045"},{"taxonomy":"post_tag","embeddable":true,"href":"https:\/\/alofokedeportes.com\/en\/wp-json\/wp\/v2\/tags?post=32045"}],"curies":[{"name":"wp","href":"https:\/\/api.w.org\/{rel}","templated":true}]}}