{"id":28054,"date":"2025-08-25T05:33:56","date_gmt":"2025-08-25T09:33:56","guid":{"rendered":"https:\/\/alofokedeportes.com\/en\/sin-categoria\/chavez-jr-free-in-mexico-awaits-trial-on-serious-charges\/"},"modified":"2025-08-25T05:33:56","modified_gmt":"2025-08-25T09:33:56","slug":"chavez-jr-free-in-mexico-awaits-trial-on-serious-charges","status":"publish","type":"post","link":"https:\/\/alofokedeportes.com\/en\/boxing\/chavez-jr-free-in-mexico-awaits-trial-on-serious-charges\/","title":{"rendered":"Ch\u00e1vez Jr. Free in Mexico: Awaits Trial on Serious Charges"},"content":{"rendered":"<h2>Julio C\u00e9sar Ch\u00e1vez Jr. Released from Prison in Mexico<\/h2>\n\nBoxer Julio C\u00e9sar Ch\u00e1vez Jr. was released this Sunday from a prison in northern Mexico, where he had been held since August after being deported from the United States.\n\nThe son of Mexican boxing legend Julio C\u00e9sar Ch\u00e1vez faces trial for accusations of alleged involvement with cartels and illegal arms trafficking to Mexico.\n\nCh\u00e1vez&#8217;s release came after a judge in Hermosillo, a city in northern Mexico, determined that it was not necessary to keep him in custody while awaiting trial. However, he was prohibited from leaving the country, according to a federal agent who informed the news agency and requested anonymity as he was not authorized to speak publicly. The judge also set a three-month deadline for further investigation of the case.\n\n\n<blockquote class=\"wp-block-quote is-layout-flow wp-block-quote-is-layout-flow\"><p>The accusations against my client are speculation and urban legends.<\/p><cite>Rub\u00e9n Fernando Ben\u00edtez \u00c1lvarez, Ch\u00e1vez&#8217;s lawyer<\/cite><\/blockquote>\n\n\nCh\u00e1vez was arrested in the United States in July, following a high-profile fight against American Jake Paul in Los Angeles. Mexican authorities had an arrest warrant since 2023, but the President of Mexico indicated that Ch\u00e1vez had not been arrested before because he resided primarily in the United States.\n\nThe case against Ch\u00e1vez is part of a broader investigation that the Mexican prosecutor&#8217;s office initiated in 2019 against the Sinaloa Cartel for organized crime, human trafficking, arms trafficking, and drug trafficking, following a complaint filed by the United States.","protected":false},"excerpt":{"rendered":"<p>Julio C\u00e9sar Ch\u00e1vez Jr. Released from Prison in Mexico Boxer Julio C\u00e9sar Ch\u00e1vez Jr. was released this Sunday from a prison in northern Mexico, where he had been held since August after being deported from the United States. The son of Mexican boxing legend Julio C\u00e9sar Ch\u00e1vez faces trial for accusations of alleged involvement with [&hellip;]<\/p>\n","protected":false},"author":1,"featured_media":28055,"comment_status":"open","ping_status":"open","sticky":false,"template":"","format":"standard","meta":{"footnotes":""},"categories":[30],"tags":[205,4720,1183,7763],"class_list":{"0":"post-28054","1":"post","2":"type-post","3":"status-publish","4":"format-standard","5":"has-post-thumbnail","7":"category-boxing","8":"tag-boxing","9":"tag-julio-cesar-chavez-jr","10":"tag-mexico","11":"tag-posters"},"amp_enabled":true,"_links":{"self":[{"href":"https:\/\/alofokedeportes.com\/en\/wp-json\/wp\/v2\/posts\/28054","targetHints":{"allow":["GET"]}}],"collection":[{"href":"https:\/\/alofokedeportes.com\/en\/wp-json\/wp\/v2\/posts"}],"about":[{"href":"https:\/\/alofokedeportes.com\/en\/wp-json\/wp\/v2\/types\/post"}],"author":[{"embeddable":true,"href":"https:\/\/alofokedeportes.com\/en\/wp-json\/wp\/v2\/users\/1"}],"replies":[{"embeddable":true,"href":"https:\/\/alofokedeportes.com\/en\/wp-json\/wp\/v2\/comments?post=28054"}],"version-history":[{"count":0,"href":"https:\/\/alofokedeportes.com\/en\/wp-json\/wp\/v2\/posts\/28054\/revisions"}],"wp:featuredmedia":[{"embeddable":true,"href":"https:\/\/alofokedeportes.com\/en\/wp-json\/wp\/v2\/media\/28055"}],"wp:attachment":[{"href":"https:\/\/alofokedeportes.com\/en\/wp-json\/wp\/v2\/media?parent=28054"}],"wp:term":[{"taxonomy":"category","embeddable":true,"href":"https:\/\/alofokedeportes.com\/en\/wp-json\/wp\/v2\/categories?post=28054"},{"taxonomy":"post_tag","embeddable":true,"href":"https:\/\/alofokedeportes.com\/en\/wp-json\/wp\/v2\/tags?post=28054"}],"curies":[{"name":"wp","href":"https:\/\/api.w.org\/{rel}","templated":true}]}}