{"id":27829,"date":"2025-08-24T16:27:13","date_gmt":"2025-08-24T20:27:13","guid":{"rendered":"https:\/\/alofokedeportes.com\/en\/sin-categoria\/brewers-honor-bob-uecker-baseball-and-radio-legend\/"},"modified":"2025-08-24T16:27:13","modified_gmt":"2025-08-24T20:27:13","slug":"brewers-honor-bob-uecker-baseball-and-radio-legend","status":"publish","type":"post","link":"https:\/\/alofokedeportes.com\/en\/mlb\/brewers-honor-bob-uecker-baseball-and-radio-legend\/","title":{"rendered":"Brewers Honor Bob Uecker: Baseball and Radio Legend"},"content":{"rendered":"<h2>An Emotional Tribute: The Brewers Honor Bob Uecker<\/h2>\n\nBroadcasting legend Bob Uecker was honored in an emotional ceremony before a Milwaukee Brewers game. Uecker, whose Hall of Fame journey began after initially being hired as a scout by the Brewers, was remembered for his iconic sense of humor and dedication to the team.\n\nThe celebration was attended by prominent figures from baseball, including Hall of Fame members such as George Brett, Ted Simmons, and Robin Yount, as well as Brewers outfielder Christian Yelich.\n\n\n<blockquote class=\"wp-block-quote is-layout-flow wp-block-quote-is-layout-flow\"><p>To say that he loved this team, this city, and this state would be an understatement. Milwaukee was his home, and the Brewers were an extension of his family. Seeing that love reflected means more than we could express in words. There is something truly special about this community, and Bob felt it every day.<\/p><cite>Uecker Family<\/cite><\/blockquote>\n\n\nBrewers players wore special uniforms with &#8220;UECK&#8221; on the back, instead of their names, in a gesture of tribute. The entire team joined Uecker&#8217;s family behind the mound before Bob Uecker Jr. threw the first pitch to Yount. The game included commemorative balls and bases in honor of Uecker.\n\n\n<figure class=\"wp-block-image\"><img decoding=\"async\" src=\"https:\/\/a1.espncdn.com\/combiner\/i?img=%2Fphoto%2F2025%2F0824%2Fr1536207_1024x576_16%2D9.jpg\" alt=\"\" title=\"\"><figcaption>El nombre de Bob Uecker ya aparec\u00eda en un medall\u00f3n junto a los n\u00fameros retirados de los Brewers, pero el domingo se actualiz\u00f3 para incluir su nombre y un micr\u00f3fono.<\/figcaption><\/figure>\n\n\nThe event also included the renovation of the American Family Field&#8217;s broadcast wing, which is now named the Bob Uecker Broadcast Center. In addition, memorabilia was displayed, including photos and examples of his signature plaid sports coats.\n\nUecker was well-liked by the players, who valued his appearances in the locker room to share stories and offer encouragement. Christian Yelich highlighted his ability to make everyone feel like close friends.\n\nIn a pre-event press conference, Bob Costas shared an anecdote about how former President Richard Nixon requested to meet Uecker. Uecker&#8217;s legacy transcends his humor, being a renowned baseball communicator.\n\nThe tribute to Bob Uecker highlights his lasting impact on the Milwaukee Brewers and the baseball community.\n\nThe tribute ceremony took place while the Brewers lead the league in the season, seeking their first World Series title. &#8220;Nobody would have enjoyed this more,&#8221; commented principal owner Mark Attanasio. &#8220;I think he&#8217;s still with us, but we really miss him.&#8221;","protected":false},"excerpt":{"rendered":"<p>An Emotional Tribute: The Brewers Honor Bob Uecker Broadcasting legend Bob Uecker was honored in an emotional ceremony before a Milwaukee Brewers game. Uecker, whose Hall of Fame journey began after initially being hired as a scout by the Brewers, was remembered for his iconic sense of humor and dedication to the team. The celebration [&hellip;]<\/p>\n","protected":false},"author":1,"featured_media":27830,"comment_status":"open","ping_status":"open","sticky":false,"template":"","format":"standard","meta":{"footnotes":""},"categories":[34],"tags":[2523,7759,477,1020],"class_list":{"0":"post-27829","1":"post","2":"type-post","3":"status-publish","4":"format-standard","5":"has-post-thumbnail","7":"category-mlb","8":"tag-bob-uecker","9":"tag-broadcasting","10":"tag-hall-of-fame","11":"tag-milwaukee-brewers"},"amp_enabled":true,"_links":{"self":[{"href":"https:\/\/alofokedeportes.com\/en\/wp-json\/wp\/v2\/posts\/27829","targetHints":{"allow":["GET"]}}],"collection":[{"href":"https:\/\/alofokedeportes.com\/en\/wp-json\/wp\/v2\/posts"}],"about":[{"href":"https:\/\/alofokedeportes.com\/en\/wp-json\/wp\/v2\/types\/post"}],"author":[{"embeddable":true,"href":"https:\/\/alofokedeportes.com\/en\/wp-json\/wp\/v2\/users\/1"}],"replies":[{"embeddable":true,"href":"https:\/\/alofokedeportes.com\/en\/wp-json\/wp\/v2\/comments?post=27829"}],"version-history":[{"count":0,"href":"https:\/\/alofokedeportes.com\/en\/wp-json\/wp\/v2\/posts\/27829\/revisions"}],"wp:featuredmedia":[{"embeddable":true,"href":"https:\/\/alofokedeportes.com\/en\/wp-json\/wp\/v2\/media\/27830"}],"wp:attachment":[{"href":"https:\/\/alofokedeportes.com\/en\/wp-json\/wp\/v2\/media?parent=27829"}],"wp:term":[{"taxonomy":"category","embeddable":true,"href":"https:\/\/alofokedeportes.com\/en\/wp-json\/wp\/v2\/categories?post=27829"},{"taxonomy":"post_tag","embeddable":true,"href":"https:\/\/alofokedeportes.com\/en\/wp-json\/wp\/v2\/tags?post=27829"}],"curies":[{"name":"wp","href":"https:\/\/api.w.org\/{rel}","templated":true}]}}