{"id":25586,"date":"2025-08-16T06:53:49","date_gmt":"2025-08-16T10:53:49","guid":{"rendered":"https:\/\/alofokedeportes.com\/en\/sin-categoria\/official-marcus-rashford-debuts-with-barca-in-laliga-registration-resolved\/"},"modified":"2025-08-16T06:53:49","modified_gmt":"2025-08-16T10:53:49","slug":"official-marcus-rashford-debuts-with-barca-in-laliga-registration-resolved","status":"publish","type":"post","link":"https:\/\/alofokedeportes.com\/en\/soccer\/official-marcus-rashford-debuts-with-barca-in-laliga-registration-resolved\/","title":{"rendered":"OFFICIAL! Marcus Rashford debuts with Bar\u00e7a in LaLiga: Registration Resolved"},"content":{"rendered":"<h2>Rashford Cleared to Debut for Barcelona in LaLiga<\/h2>\n\nBarcelona has registered Marcus Rashford for the start of LaLiga this Saturday. The club confirmed the inclusion of the English striker in the squad for the match against Mallorca.\n\nThere were doubts about Rashford&#8217;s registration before the start of the season, with Bar\u00e7a coach Hansi Flick expressing his concern but trusting in the club&#8217;s management.\n\n\n<blockquote class=\"wp-block-quote is-layout-flow wp-block-quote-is-layout-flow\"><p>Hansi Flick said he was not happy with the situation.<\/p><cite>Hansi Flick<\/cite><\/blockquote>\n\n\nFinally, a series of agreements completed on Friday allowed to create the necessary salary space to register Rashford. This included the transfer of the remaining 50% of Francisco Trinc\u00e3o&#8217;s rights to Sporting CP and Jules Kound\u00e9&#8217;s new contract, which extended the amortization payments of the transfer fee.\n\nThe English striker arrived at Barcelona on loan from Manchester United.\n\n\n<figure class=\"wp-block-embed is-type-rich is-provider-twitter\"><div class=\"wp-block-embed__wrapper\">\n&lt;!&#8211;\n<blockquote class=\"twitter-tweet\" data-width=\"550\" data-dnt=\"true\"><p lang=\"en\" dir=\"ltr\">\ud83d\udea8 Marcus Rashford has been registered by Barcelona.<\/p><p>He&#8217;s available to make his debut against Mallorca on Saturday. \ud83d\udd34\ud83d\udd35<a href=\"https:\/\/t.co\/N4C7oG5YyC\" target=\"_blank\">pic.twitter.com\/N4C7oG5YyC<\/a><\/p>\u2014 Fabrizio Romano (@FabrizioRomano) <a href=\"https:\/\/twitter.com\/FabrizioRomano\/status\/1956632266051866782?ref_src=twsrc%5Etfw\" target=\"_blank\" rel=\"noopener\">August 11, 2024<\/a><\/blockquote> \n&#8211;&gt;\n<\/div><\/figure>\n\n\nOn Thursday, Bar\u00e7a registered goalkeeper Joan Garc\u00eda after LaLiga granted permission to use the salary space assigned to Marc-Andr\u00e9 ter Stegen, who is injured.\n\nGarc\u00eda, signed for 25 million euros from Espanyol, is expected to start this weekend.\n\nBarcelona continues to work against the clock to comply with LaLiga&#8217;s financial rules and register the remaining players.\n\nThe club awaits approval from auditors and La Liga regarding the sale of VIP seats in the renovated Spotify Camp Nou.\n\nIf successful, the club would receive 100 million euros in its accounts, which would allow it to return to LaLiga&#8217;s 1:1 rule, that is, Bar\u00e7a can only spend on sports salaries as much as its income and accounts allow.\n\n\n<figure class=\"wp-block-image\"><img decoding=\"async\" src=\"https:\/\/a3.espncdn.com\/combiner\/i?img=%2Fphoto%2F2025%2F0814%2Fr1531597_1296x729_16%2D9.jpg\" alt=\"Marcus Rashford\" title=\"\">\n<figcaption>Marcus Rashford disponible para jugar con el Barcelona en LaLiga.<\/figcaption>\n<\/figure>\n\n\nBarcelona coach Hansi Flick still does not have the new signing Roony Bardghji, nor goalkeeper Wojciech Szcz\u0119sny, midfielder Marc Bernal and defender Gerard Mart\u00edn, who are waiting to be registered.\n\nBardghji, 19, arrived this summer from FC Copenhagen and participated in three of the four preseason friendlies for Bar\u00e7a.\n\n\n<ul class=\"wp-block-list\"><li>Disney+ will broadcast LaLiga matches in prime time in the UK and Ireland<\/li><li>Rashford: Manchester United, &#8220;reactionary&#8221;, stuck in &#8220;no man&#8217;s land&#8221;<\/li><li>What the arrival of Marcus Rashford at Barcelona means for the player and the club<\/li><\/ul>\n\n\nSzcz\u0119sny signed a new two-year contract with Bar\u00e7a last month, while youth players Bernal and Mart\u00edn have been included in the first team after impressing in the pre-season.\n\nMeanwhile, Barcelona&#8217;s teenage right-back, H\u00e9ctor Fort, is expected to go out on loan in search of regular playing time.","protected":false},"excerpt":{"rendered":"<p>Rashford Cleared to Debut for Barcelona in LaLiga Barcelona has registered Marcus Rashford for the start of LaLiga this Saturday. The club confirmed the inclusion of the English striker in the squad for the match against Mallorca. There were doubts about Rashford&#8217;s registration before the start of the season, with Bar\u00e7a coach Hansi Flick expressing [&hellip;]<\/p>\n","protected":false},"author":1,"featured_media":25587,"comment_status":"open","ping_status":"open","sticky":false,"template":"","format":"standard","meta":{"footnotes":""},"categories":[41],"tags":[156,158,615,7368],"class_list":{"0":"post-25586","1":"post","2":"type-post","3":"status-publish","4":"format-standard","5":"has-post-thumbnail","7":"category-soccer","8":"tag-barcelona","9":"tag-laliga","10":"tag-marcus-rashford","11":"tag-registration"},"amp_enabled":true,"_links":{"self":[{"href":"https:\/\/alofokedeportes.com\/en\/wp-json\/wp\/v2\/posts\/25586","targetHints":{"allow":["GET"]}}],"collection":[{"href":"https:\/\/alofokedeportes.com\/en\/wp-json\/wp\/v2\/posts"}],"about":[{"href":"https:\/\/alofokedeportes.com\/en\/wp-json\/wp\/v2\/types\/post"}],"author":[{"embeddable":true,"href":"https:\/\/alofokedeportes.com\/en\/wp-json\/wp\/v2\/users\/1"}],"replies":[{"embeddable":true,"href":"https:\/\/alofokedeportes.com\/en\/wp-json\/wp\/v2\/comments?post=25586"}],"version-history":[{"count":0,"href":"https:\/\/alofokedeportes.com\/en\/wp-json\/wp\/v2\/posts\/25586\/revisions"}],"wp:featuredmedia":[{"embeddable":true,"href":"https:\/\/alofokedeportes.com\/en\/wp-json\/wp\/v2\/media\/25587"}],"wp:attachment":[{"href":"https:\/\/alofokedeportes.com\/en\/wp-json\/wp\/v2\/media?parent=25586"}],"wp:term":[{"taxonomy":"category","embeddable":true,"href":"https:\/\/alofokedeportes.com\/en\/wp-json\/wp\/v2\/categories?post=25586"},{"taxonomy":"post_tag","embeddable":true,"href":"https:\/\/alofokedeportes.com\/en\/wp-json\/wp\/v2\/tags?post=25586"}],"curies":[{"name":"wp","href":"https:\/\/api.w.org\/{rel}","templated":true}]}}