{"id":21263,"date":"2025-08-03T05:27:42","date_gmt":"2025-08-03T09:27:42","guid":{"rendered":"https:\/\/alofokedeportes.com\/en\/sin-categoria\/vince-mcmahon-ex-wwe-cited-after-accident-in-connecticut\/"},"modified":"2025-08-03T05:27:42","modified_gmt":"2025-08-03T09:27:42","slug":"vince-mcmahon-ex-wwe-cited-after-accident-in-connecticut","status":"publish","type":"post","link":"https:\/\/alofokedeportes.com\/en\/wwe\/vince-mcmahon-ex-wwe-cited-after-accident-in-connecticut\/","title":{"rendered":"Vince McMahon, ex-WWE, cited after accident in Connecticut"},"content":{"rendered":"<h2>Vince McMahon, Ex-CEO of WWE, Involved in Traffic Accident<\/h2>\n\nFormer WWE CEO Vince McMahon is in the spotlight following a car accident on a Connecticut highway. The incident, which involved his Bentley and two other vehicles, took place last Thursday morning on the Merritt Parkway in Westport.\n\nMcMahon was cited for reckless driving and following too closely. Fortunately, there were no injuries in the accident. He was released after posting a $500 bond and is due to appear in Stamford Superior Court on August 26.\n\n\n<blockquote class=\"wp-block-quote is-layout-flow wp-block-quote-is-layout-flow\">\n<p>The impact sent my car off the road.<\/p><cite>Barbara Doran<\/cite><\/blockquote>\n\n\nAccording to the police report, McMahon was driving northbound when he rear-ended a BMW and then crashed into a wooden barrier. A vehicle traveling in the southbound lanes struck debris from the accident that flew over the barrier.\n\nAt the time of the accident, there were no passengers in any of the vehicles, and all three drivers were wearing seatbelts. McMahon&#8217;s car airbags deployed, while Doran&#8217;s BMW&#8217;s did not.\n\n\n<figure class=\"wp-block-image\"><img decoding=\"async\" src=\"https:\/\/a2.espncdn.com\/combiner\/i?img=%2Fphoto%2F2025%2F0730%2Fr1525703_1296x729_16%2D9.jpg\" alt=\"Vince McMahon&#039;s 2024 Bentley Continental GT Speed sustained heavy front-end damage from last week&#039;s multi-car highway crash in Connecticut.\" title=\"\"><figcaption>Vince McMahon&#8217;s 2024 Bentley Continental GT Speed sufri\u00f3 da\u00f1os importantes en la parte delantera a causa del accidente m\u00faltiple de la semana pasada en Connecticut.<\/figcaption><\/figure>\n\n\nBarbara Doran, one of the people involved in the accident, recounted how the impact knocked her off the road. &#8220;I was driving in the right lane and suddenly, boom. I was hit from behind and catapulted forward,&#8221; she expressed. Doran also commented that a state police officer informed her that the other driver was McMahon.\n\nMcMahon, who resigned as WWE CEO in 2022 and then as executive chairman of the TKO Group Holdings board of directors, WWE&#8217;s parent company, was embroiled in allegations of sexual misconduct, which he denies.\n\nMcMahon transformed the World Wrestling Federation, which he bought in 1982, into a global phenomenon. In addition to running the company with his wife, Linda, he also participated in WWE events.","protected":false},"excerpt":{"rendered":"<p>Vince McMahon, Ex-CEO of WWE, Involved in Traffic Accident Former WWE CEO Vince McMahon is in the spotlight following a car accident on a Connecticut highway. The incident, which involved his Bentley and two other vehicles, took place last Thursday morning on the Merritt Parkway in Westport. McMahon was cited for reckless driving and following [&hellip;]<\/p>\n","protected":false},"author":1,"featured_media":21264,"comment_status":"open","ping_status":"open","sticky":false,"template":"","format":"standard","meta":{"footnotes":""},"categories":[44],"tags":[6754,3097,488,191],"class_list":{"0":"post-21263","1":"post","2":"type-post","3":"status-publish","4":"format-standard","5":"has-post-thumbnail","7":"category-wwe","8":"tag-bentley","9":"tag-car-crash","10":"tag-vince-mcmahon","11":"tag-wwe"},"amp_enabled":true,"_links":{"self":[{"href":"https:\/\/alofokedeportes.com\/en\/wp-json\/wp\/v2\/posts\/21263","targetHints":{"allow":["GET"]}}],"collection":[{"href":"https:\/\/alofokedeportes.com\/en\/wp-json\/wp\/v2\/posts"}],"about":[{"href":"https:\/\/alofokedeportes.com\/en\/wp-json\/wp\/v2\/types\/post"}],"author":[{"embeddable":true,"href":"https:\/\/alofokedeportes.com\/en\/wp-json\/wp\/v2\/users\/1"}],"replies":[{"embeddable":true,"href":"https:\/\/alofokedeportes.com\/en\/wp-json\/wp\/v2\/comments?post=21263"}],"version-history":[{"count":0,"href":"https:\/\/alofokedeportes.com\/en\/wp-json\/wp\/v2\/posts\/21263\/revisions"}],"wp:featuredmedia":[{"embeddable":true,"href":"https:\/\/alofokedeportes.com\/en\/wp-json\/wp\/v2\/media\/21264"}],"wp:attachment":[{"href":"https:\/\/alofokedeportes.com\/en\/wp-json\/wp\/v2\/media?parent=21263"}],"wp:term":[{"taxonomy":"category","embeddable":true,"href":"https:\/\/alofokedeportes.com\/en\/wp-json\/wp\/v2\/categories?post=21263"},{"taxonomy":"post_tag","embeddable":true,"href":"https:\/\/alofokedeportes.com\/en\/wp-json\/wp\/v2\/tags?post=21263"}],"curies":[{"name":"wp","href":"https:\/\/api.w.org\/{rel}","templated":true}]}}