{"id":20186,"date":"2025-07-30T19:49:03","date_gmt":"2025-07-30T23:49:03","guid":{"rendered":"https:\/\/alofokedeportes.com\/en\/sin-categoria\/carles-perez-ex-barcelona-hospitalized-for-dog-bite-out-at-aris\/"},"modified":"2025-07-30T19:49:03","modified_gmt":"2025-07-30T23:49:03","slug":"carles-perez-ex-barcelona-hospitalized-for-dog-bite-out-at-aris","status":"publish","type":"post","link":"https:\/\/alofokedeportes.com\/en\/soccer\/carles-perez-ex-barcelona-hospitalized-for-dog-bite-out-at-aris\/","title":{"rendered":"Carles P\u00e9rez, ex Barcelona, hospitalized for dog bite: out at Aris"},"content":{"rendered":"<h2>Carles P\u00e9rez, from Aris Thessaloniki, Suffers Injury After Dog Attack<\/h2>\n<p>Aris Sal\u00f3nica&#8217;s winger, Carles P\u00e9rez, is out after suffering a groin injury, the result of an unusual incident: a dog attack, according to local media reports this Wednesday.<\/p>\n<p>The 27-year-old Spanish footballer was walking his dog when another dog bit him in the genitals, in an attempt to separate the animals. The incident caused him a deep wound, requiring medical attention in a hospital.<\/p>\n<p>P\u00e9rez participated in the 2-1 defeat of the Greek team against Araz-Nakhchivan in the first leg of the second qualifying round of the Europa Conference League.<\/p>\n<p>Local media reports indicate that the player will be absent for the return match in Thessaloniki.<\/p>\n","protected":false},"excerpt":{"rendered":"<p>Carles P\u00e9rez, from Aris Thessaloniki, Suffers Injury After Dog Attack Aris Sal\u00f3nica&#8217;s winger, Carles P\u00e9rez, is out after suffering a groin injury, the result of an unusual incident: a dog attack, according to local media reports this Wednesday. The 27-year-old Spanish footballer was walking his dog when another dog bit him in the genitals, in [&hellip;]<\/p>\n","protected":false},"author":1,"featured_media":20187,"comment_status":"open","ping_status":"open","sticky":false,"template":"","format":"standard","meta":{"footnotes":""},"categories":[41],"tags":[6600,6601,6602,290],"class_list":{"0":"post-20186","1":"post","2":"type-post","3":"status-publish","4":"format-standard","5":"has-post-thumbnail","7":"category-soccer","8":"tag-aris","9":"tag-carles-perez","10":"tag-dog","11":"tag-injury"},"amp_enabled":true,"_links":{"self":[{"href":"https:\/\/alofokedeportes.com\/en\/wp-json\/wp\/v2\/posts\/20186","targetHints":{"allow":["GET"]}}],"collection":[{"href":"https:\/\/alofokedeportes.com\/en\/wp-json\/wp\/v2\/posts"}],"about":[{"href":"https:\/\/alofokedeportes.com\/en\/wp-json\/wp\/v2\/types\/post"}],"author":[{"embeddable":true,"href":"https:\/\/alofokedeportes.com\/en\/wp-json\/wp\/v2\/users\/1"}],"replies":[{"embeddable":true,"href":"https:\/\/alofokedeportes.com\/en\/wp-json\/wp\/v2\/comments?post=20186"}],"version-history":[{"count":0,"href":"https:\/\/alofokedeportes.com\/en\/wp-json\/wp\/v2\/posts\/20186\/revisions"}],"wp:featuredmedia":[{"embeddable":true,"href":"https:\/\/alofokedeportes.com\/en\/wp-json\/wp\/v2\/media\/20187"}],"wp:attachment":[{"href":"https:\/\/alofokedeportes.com\/en\/wp-json\/wp\/v2\/media?parent=20186"}],"wp:term":[{"taxonomy":"category","embeddable":true,"href":"https:\/\/alofokedeportes.com\/en\/wp-json\/wp\/v2\/categories?post=20186"},{"taxonomy":"post_tag","embeddable":true,"href":"https:\/\/alofokedeportes.com\/en\/wp-json\/wp\/v2\/tags?post=20186"}],"curies":[{"name":"wp","href":"https:\/\/api.w.org\/{rel}","templated":true}]}}