{"id":20115,"date":"2025-07-30T10:49:38","date_gmt":"2025-07-30T14:49:38","guid":{"rendered":"https:\/\/alofokedeportes.com\/en\/sin-categoria\/kounde-renews-with-barca-until-2030-french-defender-secures-his-future\/"},"modified":"2025-07-30T10:49:38","modified_gmt":"2025-07-30T14:49:38","slug":"kounde-renews-with-barca-until-2030-french-defender-secures-his-future","status":"publish","type":"post","link":"https:\/\/alofokedeportes.com\/en\/soccer\/kounde-renews-with-barca-until-2030-french-defender-secures-his-future\/","title":{"rendered":"Kound\u00e9 renews with Bar\u00e7a until 2030: French defender secures his future"},"content":{"rendered":"<h2>Kound\u00e9 Secures His Future with Barcelona: Contract Extension Until 2030<\/h2>\n\nFrench defender Jules Kound\u00e9 has reached an agreement to extend his contract with FC Barcelona until June 2030, as announced by the player himself this Wednesday.\n\nKound\u00e9, whose current contract expired in June 2027, confirmed that the signing of the new agreement will be finalized shortly.\n\n\n<figure class=\"wp-block-image\"><img decoding=\"async\" src=\"https:\/\/a1.espncdn.com\/combiner\/i?img=%2Fphoto%2F2025%2F0730%2Fr1525617_1296x729_16%2D9.jpg\" alt=\"Jules Kound\u00e9 se quedar\u00e1 en el Barcelona hasta 2030.\" title=\"\"><\/figure>\n\n\n<em>Jules Kound\u00e9 will stay at Barcelona until 2030.<\/em>\n\nThe player, currently in Seoul with the team for the Asian tour, told the media:\n\n\n<blockquote class=\"wp-block-quote is-layout-flow wp-block-quote-is-layout-flow\">\n\n<p>\u201cYes, it&#8217;s a matter of days. When we return, everything will be finalized, so I&#8217;m happy about that. It&#8217;s been quite fast, both the club and I had the same idea: to continue. I&#8217;m very happy here, I feel comfortable in the team and I am very motivated by the club&#8217;s ambition. Every year we fight for all the titles and I had no intention of leaving. My contract is until 2030\u201d.<\/p>\n\n<\/blockquote>\n\n\nKound\u00e9, 26, has established himself as an undisputed starter at right-back for Barcelona. Since his arrival from Sevilla in 2022, he has scored seven goals and provided 18 assists in 141 matches across all competitions.\n\nLast season, Kound\u00e9 celebrated the league title, the Spanish Super Cup, and the Copa del Rey with the Catalan team.","protected":false},"excerpt":{"rendered":"<p>Kound\u00e9 Secures His Future with Barcelona: Contract Extension Until 2030 French defender Jules Kound\u00e9 has reached an agreement to extend his contract with FC Barcelona until June 2030, as announced by the player himself this Wednesday. Kound\u00e9, whose current contract expired in June 2027, confirmed that the signing of the new agreement will be finalized [&hellip;]<\/p>\n","protected":false},"author":1,"featured_media":20116,"comment_status":"open","ping_status":"open","sticky":false,"template":"","format":"standard","meta":{"footnotes":""},"categories":[41],"tags":[156,65,289,6575],"class_list":{"0":"post-20115","1":"post","2":"type-post","3":"status-publish","4":"format-standard","5":"has-post-thumbnail","7":"category-soccer","8":"tag-barcelona","9":"tag-contract","10":"tag-extension","11":"tag-jules-kounde"},"amp_enabled":true,"_links":{"self":[{"href":"https:\/\/alofokedeportes.com\/en\/wp-json\/wp\/v2\/posts\/20115","targetHints":{"allow":["GET"]}}],"collection":[{"href":"https:\/\/alofokedeportes.com\/en\/wp-json\/wp\/v2\/posts"}],"about":[{"href":"https:\/\/alofokedeportes.com\/en\/wp-json\/wp\/v2\/types\/post"}],"author":[{"embeddable":true,"href":"https:\/\/alofokedeportes.com\/en\/wp-json\/wp\/v2\/users\/1"}],"replies":[{"embeddable":true,"href":"https:\/\/alofokedeportes.com\/en\/wp-json\/wp\/v2\/comments?post=20115"}],"version-history":[{"count":0,"href":"https:\/\/alofokedeportes.com\/en\/wp-json\/wp\/v2\/posts\/20115\/revisions"}],"wp:featuredmedia":[{"embeddable":true,"href":"https:\/\/alofokedeportes.com\/en\/wp-json\/wp\/v2\/media\/20116"}],"wp:attachment":[{"href":"https:\/\/alofokedeportes.com\/en\/wp-json\/wp\/v2\/media?parent=20115"}],"wp:term":[{"taxonomy":"category","embeddable":true,"href":"https:\/\/alofokedeportes.com\/en\/wp-json\/wp\/v2\/categories?post=20115"},{"taxonomy":"post_tag","embeddable":true,"href":"https:\/\/alofokedeportes.com\/en\/wp-json\/wp\/v2\/tags?post=20115"}],"curies":[{"name":"wp","href":"https:\/\/api.w.org\/{rel}","templated":true}]}}