{"id":15867,"date":"2025-07-10T10:02:39","date_gmt":"2025-07-10T14:02:39","guid":{"rendered":"https:\/\/alofokedeportes.com\/en\/sin-categoria\/megill-replaces-peralta-in-2025-all-star-game-mlb-confirms\/"},"modified":"2025-07-10T10:02:39","modified_gmt":"2025-07-10T14:02:39","slug":"megill-replaces-peralta-in-2025-all-star-game-mlb-confirms","status":"publish","type":"post","link":"https:\/\/alofokedeportes.com\/en\/nationals\/megill-replaces-peralta-in-2025-all-star-game-mlb-confirms\/","title":{"rendered":"Megill Replaces Peralta in 2025 All-Star Game: MLB Confirms"},"content":{"rendered":"\n<h2 class=\"wp-block-heading\">Freddy Peralta misses the 2025 All-Star Game<\/h2>\n\n\nThe Dominican pitcher Freddy Peralta will not be present at the 2025 Major League All-Star Game. The event, scheduled for Tuesday, July 15th at Truist Park in Atlanta, will see Peralta absent due to commitments with his team, the Milwaukee Brewers.\n\nThe information was confirmed by the Brewers and MLB, who announced that reliever Trevor Megill, also of the Brewers, will take Peralta&#8217;s place on the National League roster.\n\nThe main reason for Peralta&#8217;s absence is that he is scheduled to start Sunday&#8217;s game against the Washington Nationals, which prevents him from participating in the prestigious mid-season event.\n\nThis is the third Dominican loss confirmed for the event. Jos\u00e9 Ram\u00edrez of the Cleveland Guardians and Jeremy Pe\u00f1a of the Houston Astros were also ruled out for medical reasons.\n\nIn contrast, young Junior Caminero, of the Tampa Bay Rays, was announced as a new member of the American League roster and will participate in the 2025 Home Run Derby.\n\nPeralta is having an outstanding season in the Major Leagues. In 105 innings pitched, he has accumulated a 10-4 record, with a notable 2.74 ERA. In addition, he has achieved 111 strikeouts and has given up only 36 walks.\n\nHis stats include a WHIP of 1.086, a FIP of 3.68, and an ERA+ of 147. His bWAR of 2.8 confirms his value as one of the most outstanding Dominican starters of the season.\n\nWith Peralta&#8217;s departure, Randy Rodr\u00edguez, a reliever for the San Francisco Giants, is the only Dominican pitcher on the National League roster who could see action in the 2025 All-Star Game.","protected":false},"excerpt":{"rendered":"<p>Freddy Peralta misses the 2025 All-Star Game The Dominican pitcher Freddy Peralta will not be present at the 2025 Major League All-Star Game. The event, scheduled for Tuesday, July 15th at Truist Park in Atlanta, will see Peralta absent due to commitments with his team, the Milwaukee Brewers. The information was confirmed by the Brewers [&hellip;]<\/p>\n","protected":false},"author":1,"featured_media":15868,"comment_status":"open","ping_status":"open","sticky":false,"template":"","format":"standard","meta":{"footnotes":""},"categories":[997],"tags":[3564,1156,2008,344],"class_list":{"0":"post-15867","1":"post","2":"type-post","3":"status-publish","4":"format-standard","5":"has-post-thumbnail","7":"category-nationals","8":"tag-all-star-game","9":"tag-brewers","10":"tag-freddy-peralta","11":"tag-mlb"},"amp_enabled":true,"_links":{"self":[{"href":"https:\/\/alofokedeportes.com\/en\/wp-json\/wp\/v2\/posts\/15867","targetHints":{"allow":["GET"]}}],"collection":[{"href":"https:\/\/alofokedeportes.com\/en\/wp-json\/wp\/v2\/posts"}],"about":[{"href":"https:\/\/alofokedeportes.com\/en\/wp-json\/wp\/v2\/types\/post"}],"author":[{"embeddable":true,"href":"https:\/\/alofokedeportes.com\/en\/wp-json\/wp\/v2\/users\/1"}],"replies":[{"embeddable":true,"href":"https:\/\/alofokedeportes.com\/en\/wp-json\/wp\/v2\/comments?post=15867"}],"version-history":[{"count":0,"href":"https:\/\/alofokedeportes.com\/en\/wp-json\/wp\/v2\/posts\/15867\/revisions"}],"wp:featuredmedia":[{"embeddable":true,"href":"https:\/\/alofokedeportes.com\/en\/wp-json\/wp\/v2\/media\/15868"}],"wp:attachment":[{"href":"https:\/\/alofokedeportes.com\/en\/wp-json\/wp\/v2\/media?parent=15867"}],"wp:term":[{"taxonomy":"category","embeddable":true,"href":"https:\/\/alofokedeportes.com\/en\/wp-json\/wp\/v2\/categories?post=15867"},{"taxonomy":"post_tag","embeddable":true,"href":"https:\/\/alofokedeportes.com\/en\/wp-json\/wp\/v2\/tags?post=15867"}],"curies":[{"name":"wp","href":"https:\/\/api.w.org\/{rel}","templated":true}]}}