{"id":154952,"date":"2026-09-02T21:54:45","date_gmt":"2026-09-03T01:54:45","guid":{"rendered":"https:\/\/alofokedeportes.com\/en\/sin-categoria\/leonel-fernandez-on-omar-and-alofoke-it-is-premature-to-talk-about-candidacies\/"},"modified":"2026-09-02T21:54:45","modified_gmt":"2026-09-03T01:54:45","slug":"leonel-fernandez-on-omar-and-alofoke-it-is-premature-to-talk-about-candidacies","status":"publish","type":"post","link":"https:\/\/alofokedeportes.com\/en\/national\/leonel-fernandez-on-omar-and-alofoke-it-is-premature-to-talk-about-candidacies\/","title":{"rendered":"Leonel Fern\u00e1ndez on Omar and Alofoke: It is premature to talk about candidacies"},"content":{"rendered":"<h2 class=\"wp-block-heading\">Leonel Fern\u00e1ndez speaks out on the electoral landscape and the figure of Omar Fern\u00e1ndez<\/h2>\n\n<p>The former President of the Republic and leader of the Fuerza del Pueblo, Leonel Fern\u00e1ndez, has distanced himself from the speculations linking his son, Omar Fern\u00e1ndez, to a possible presidential candidacy, accompanied by the prominent communicator and businessman Santiago Mat\u00edas, popularly known as Alofoke, for the vice presidency.<\/p>\n\n<p>Faced with questions from the press regarding this hypothetical electoral formula for the 2028 elections, the former president was emphatic in pointing out that the current moment is not conducive to addressing candidacy issues. According to Fern\u00e1ndez, respect for the current legal framework is fundamental, as the electoral calendar does not yet allow for the formal start of campaign activities.<\/p>\n\n<blockquote class=\"wp-block-quote is-layout-flow wp-block-quote-is-layout-flow\"><p>We are talking about a long time. That is to say, the electoral and party law does not allow us to talk about those things.<\/p><cite>Leonel Fern\u00e1ndez, president of the Fuerza del Pueblo.<\/cite><\/blockquote>\n\n<h3 class=\"wp-block-heading\">Focus on institutional growth<\/h3>\n\n<p>Beyond the names circulating in public opinion, the political leader preferred to focus on strengthening his organization. Fern\u00e1ndez highlighted that the People&#8217;s Force is experiencing constant growth and increasing support in various parts of the national geography, which strengthens his expectations for the country&#8217;s political future.<\/p>\n\n\n<ul class=\"wp-block-list\"><li>The former president recalled that the pre-campaign period is stipulated for next year, while the official electoral campaign will begin in October 2027.<\/li><li>He dismissed the immediate relevance of current polls, reiterating that the political landscape must evolve according to the established legal deadlines.<\/li><li>He reaffirmed his commitment to the development of the party structure, ensuring that support for the organization is multiplying nationwide.<\/li><\/ul>\n\n\n<h3 class=\"wp-block-heading\">Commitment to social values<\/h3>\n\n<p>On another note, during a recent diplomatic event in which the Dominican Republic&#8217;s accession to the Geneva Consensus Declaration was formalized, the former head of state positively assessed this initiative. Fern\u00e1ndez described the agreement as a transcendent step for the nation, underscoring its importance in the protection of the family, childhood, and life.<\/p>\n\n<p>Finally, Leonel Fern\u00e1ndez reiterated that, although the debate regarding future candidacies generates comments in various sectors, his position remains cautious, prioritizing compliance with electoral regulations over any media speculation regarding presidential tickets.<\/p>","protected":false},"excerpt":{"rendered":"<p>Leonel Fern\u00e1ndez speaks out on the electoral landscape and the figure of Omar Fern\u00e1ndez The former President of the Republic and leader of the Fuerza del Pueblo, Leonel Fern\u00e1ndez, has distanced himself from the speculations linking his son, Omar Fern\u00e1ndez, to a possible presidential candidacy, accompanied by the prominent communicator and businessman Santiago Mat\u00edas, popularly [&hellip;]<\/p>\n","protected":false},"author":1,"featured_media":154953,"comment_status":"open","ping_status":"open","sticky":false,"template":"","format":"standard","meta":{"footnotes":""},"categories":[12809],"tags":[2324,13579,12284,7576],"class_list":{"0":"post-154952","1":"post","2":"type-post","3":"status-publish","4":"format-standard","5":"has-post-thumbnail","7":"category-national","8":"tag-elections","9":"tag-leonel-fernandez","10":"tag-omar-fernandez","11":"tag-santiago-matias"},"amp_enabled":true,"_links":{"self":[{"href":"https:\/\/alofokedeportes.com\/en\/wp-json\/wp\/v2\/posts\/154952","targetHints":{"allow":["GET"]}}],"collection":[{"href":"https:\/\/alofokedeportes.com\/en\/wp-json\/wp\/v2\/posts"}],"about":[{"href":"https:\/\/alofokedeportes.com\/en\/wp-json\/wp\/v2\/types\/post"}],"author":[{"embeddable":true,"href":"https:\/\/alofokedeportes.com\/en\/wp-json\/wp\/v2\/users\/1"}],"replies":[{"embeddable":true,"href":"https:\/\/alofokedeportes.com\/en\/wp-json\/wp\/v2\/comments?post=154952"}],"version-history":[{"count":0,"href":"https:\/\/alofokedeportes.com\/en\/wp-json\/wp\/v2\/posts\/154952\/revisions"}],"wp:featuredmedia":[{"embeddable":true,"href":"https:\/\/alofokedeportes.com\/en\/wp-json\/wp\/v2\/media\/154953"}],"wp:attachment":[{"href":"https:\/\/alofokedeportes.com\/en\/wp-json\/wp\/v2\/media?parent=154952"}],"wp:term":[{"taxonomy":"category","embeddable":true,"href":"https:\/\/alofokedeportes.com\/en\/wp-json\/wp\/v2\/categories?post=154952"},{"taxonomy":"post_tag","embeddable":true,"href":"https:\/\/alofokedeportes.com\/en\/wp-json\/wp\/v2\/tags?post=154952"}],"curies":[{"name":"wp","href":"https:\/\/api.w.org\/{rel}","templated":true}]}}