{"id":154355,"date":"2026-09-02T13:45:19","date_gmt":"2026-09-02T17:45:19","guid":{"rendered":"https:\/\/alofokedeportes.com\/en\/sin-categoria\/toros-del-este-begin-preseason-training-on-september-21\/"},"modified":"2026-09-02T13:45:19","modified_gmt":"2026-09-02T17:45:19","slug":"toros-del-este-begin-preseason-training-on-september-21","status":"publish","type":"post","link":"https:\/\/alofokedeportes.com\/en\/national\/toros-del-este-begin-preseason-training-on-september-21\/","title":{"rendered":"Toros del Este begin preseason training on September 21"},"content":{"rendered":"<h2 class=\"wp-block-heading\">Los Toros del Este begin their path toward the 2026-27 season<\/h2>\n\n<p>The Toros del Este organization has made official the start of its preseason training, marking the beginning of a new hope for the fans in La Romana. The bull squad will meet at the Francisco Micheli Stadium next Monday, September 21, starting at 9:00 in the morning, to begin preparation work for the 2026-27 campaign of the Dominican Professional Baseball League (LIDOM).<\/p>\n\n<p>The call to training camp was made by the team&#8217;s general manager, Jes\u00fas Mej\u00eda, who will lead the reception of the players alongside manager V\u00edctor Est\u00e9vez, who is in charge of leading the team&#8217;s strategy and development on the field.<\/p>\n\n<h2 class=\"wp-block-heading\">A technical staff renewed and ready for the challenge<\/h2>\n\n<p>The call is open to both position players and pitchers, including new talents who will join the bull ranks following the LIDOM Rookie Draft, an event scheduled to be held on September 9th. Manager V\u00edctor Est\u00e9vez will have the support of a specialized coaching staff, highlighting the presence of Jordan Norberto in the pitching area and Ray Willy G\u00f3mez leading the batting.<\/p>\n\n<blockquote class=\"wp-block-quote is-layout-flow wp-block-quote-is-layout-flow\"><p>Early preparation is the key to establishing our identity from the first day of competition and ensuring that every player arrives in optimal condition for the start of the tournament.<\/p><\/blockquote>\n\n<h2 class=\"wp-block-heading\">Calendar and benefits for fans<\/h2>\n\n<p>The Toros del Este have designed a strategic start to the season, allowing their fans to enjoy three of their first four games at home. The long-awaited Opening Day will be Saturday, October 17, when they host the Estrellas Orientales at the Francisco Micheli Stadium. After a visit to San Pedro de Macor\u00eds on Sunday the 18th, the team will return to La Romana to face the \u00c1guilas Cibae\u00f1as and the Tigres del Licey, respectively.<\/p>\n\n<h2 class=\"wp-block-heading\">Subscription information<\/h2>\n\n<p>For fans who wish to secure their presence at the stadium, the franchise reminds everyone that the renewal and ticket sales process remains open, currently offering an attractive 15% discount. Those interested can manage their purchase by contacting the phone numbers 809-556-6188 and 809-556-6189, or through the club&#8217;s official digital channels.<\/p>","protected":false},"excerpt":{"rendered":"<p>Los Toros del Este begin their path toward the 2026-27 season The Toros del Este organization has made official the start of its preseason training, marking the beginning of a new hope for the fans in La Romana. The bull squad will meet at the Francisco Micheli Stadium next Monday, September 21, starting at 9:00 [&hellip;]<\/p>\n","protected":false},"author":1,"featured_media":154356,"comment_status":"open","ping_status":"open","sticky":false,"template":"","format":"standard","meta":{"footnotes":""},"categories":[12809],"tags":[88,1271,1279,5271],"class_list":{"0":"post-154355","1":"post","2":"type-post","3":"status-publish","4":"format-standard","5":"has-post-thumbnail","7":"category-national","8":"tag-baseball","9":"tag-dominican-republic","10":"tag-lidom","11":"tag-toros-del-este"},"amp_enabled":true,"_links":{"self":[{"href":"https:\/\/alofokedeportes.com\/en\/wp-json\/wp\/v2\/posts\/154355","targetHints":{"allow":["GET"]}}],"collection":[{"href":"https:\/\/alofokedeportes.com\/en\/wp-json\/wp\/v2\/posts"}],"about":[{"href":"https:\/\/alofokedeportes.com\/en\/wp-json\/wp\/v2\/types\/post"}],"author":[{"embeddable":true,"href":"https:\/\/alofokedeportes.com\/en\/wp-json\/wp\/v2\/users\/1"}],"replies":[{"embeddable":true,"href":"https:\/\/alofokedeportes.com\/en\/wp-json\/wp\/v2\/comments?post=154355"}],"version-history":[{"count":0,"href":"https:\/\/alofokedeportes.com\/en\/wp-json\/wp\/v2\/posts\/154355\/revisions"}],"wp:featuredmedia":[{"embeddable":true,"href":"https:\/\/alofokedeportes.com\/en\/wp-json\/wp\/v2\/media\/154356"}],"wp:attachment":[{"href":"https:\/\/alofokedeportes.com\/en\/wp-json\/wp\/v2\/media?parent=154355"}],"wp:term":[{"taxonomy":"category","embeddable":true,"href":"https:\/\/alofokedeportes.com\/en\/wp-json\/wp\/v2\/categories?post=154355"},{"taxonomy":"post_tag","embeddable":true,"href":"https:\/\/alofokedeportes.com\/en\/wp-json\/wp\/v2\/tags?post=154355"}],"curies":[{"name":"wp","href":"https:\/\/api.w.org\/{rel}","templated":true}]}}