{"id":153554,"date":"2026-09-01T01:56:45","date_gmt":"2026-09-01T05:56:45","guid":{"rendered":"https:\/\/alofokedeportes.com\/en\/sin-categoria\/medio-a-medio-miralba-ruiz-leads-new-analysis-space-on-the-radio\/"},"modified":"2026-09-01T01:56:45","modified_gmt":"2026-09-01T05:56:45","slug":"medio-a-medio-miralba-ruiz-leads-new-analysis-space-on-the-radio","status":"publish","type":"post","link":"https:\/\/alofokedeportes.com\/en\/national\/medio-a-medio-miralba-ruiz-leads-new-analysis-space-on-the-radio\/","title":{"rendered":"Medio a Medio: Miralba Ruiz leads new analysis space on the radio"},"content":{"rendered":"<h2 class=\"wp-block-heading\">Medio a Medio: The new radio venture that promises to revolutionize analysis and reflection<\/h2>\n\n\n<p>Dominican radio is renewed with the arrival of &#8220;Medio a Medio,&#8221; a space designed to offer a deep conversation, far from conventional media noise. Hosted by the experienced Miralba Ruiz, this program seeks to position itself as a benchmark for valuable content, analysis, and diversity of opinion during the prime midday slot.<\/p>\n\n\n\n<p>The team accompanying Ruiz is composed of figures with varied profiles: Juan Carlos Alvelo, Jos\u00e9 Mart\u00ednez Brito, Lyn Glass, and Carlos B\u00e1ez. Together, they promise to address current events from different angles, prioritizing reflection over empty immediacy.<\/p>\n\n\n<h3 class=\"wp-block-heading\">An approach away from controversy<\/h3>\n\n\n<p>For Juan Carlos Alvelo, the main objective is to communicate facts with social significance, avoiding falling into the trap of easy controversy to gain an audience. The communicator has been emphatic in his stance regarding the current trends of digital platforms.<\/p>\n\n\n\n\n<p class=\"is-layout-flow wp-block-quote-is-layout-flow\">The industry of the incorrect, when we are talking about the fact that the bad, that the negative yields that money, that like, that I do not want to earn.<\/p>\n\n<cite>Juan Carlos Alvelo<\/cite>\n\n\n<h3 class=\"wp-block-heading\">Diversity of voices and perspectives<\/h3>\n\n\n<p>The program relies on the specialization of each of its members:<\/p>\n\n\n\n<ul class=\"wp-block-list\">\n<li><strong>Jos\u00e9 Mart\u00ednez Brito:<\/strong> He will provide his legal and analytical vision, offering a legal perspective on the most relevant news of the day.<\/li>\n<li><strong>Lyn Glass:<\/strong> She will focus her participation on psychology, mental health, and parenting, analyzing events from the perspective of human behavior.<\/li>\n<li><strong>Carlos B\u00e1ez:<\/strong> He will integrate his background in psychology with humor, seeking to explain not only what is happening, but the reason behind the events.<\/li>\n<\/ul>\n\n\n\n<p>Mart\u00ednez Brito highlighted the importance of this professional reunion with Miralba Ruiz, with whom he took his first steps in the media, while B\u00e1ez takes on this challenge as a learning opportunity by sharing microphones with communicators of extensive experience.<\/p>\n\n\n<h3 class=\"wp-block-heading\">Program details<\/h3>\n\n\n<p>&#8220;Medio a Medio&#8221; is broadcast from Monday to Friday on Top Latina 101.7\/97.5 FM, from 12:00 PM to 2:00 PM. With this proposal, the team seeks to consolidate a space where entertainment and reflection coexist in a balanced way for the Dominican audience.<\/p>\n","protected":false},"excerpt":{"rendered":"<p>Medio a Medio: The new radio venture that promises to revolutionize analysis and reflection Dominican radio is renewed with the arrival of &#8220;Medio a Medio,&#8221; a space designed to offer a deep conversation, far from conventional media noise. Hosted by the experienced Miralba Ruiz, this program seeks to position itself as a benchmark for valuable [&hellip;]<\/p>\n","protected":false},"author":1,"featured_media":153555,"comment_status":"open","ping_status":"open","sticky":false,"template":"","format":"standard","meta":{"footnotes":""},"categories":[12809],"tags":[3558,4292,14830,14831],"class_list":{"0":"post-153554","1":"post","2":"type-post","3":"status-publish","4":"format-standard","5":"has-post-thumbnail","7":"category-national","8":"tag-analysis","9":"tag-communication","10":"tag-miralba-ruiz","11":"tag-radio"},"amp_enabled":true,"_links":{"self":[{"href":"https:\/\/alofokedeportes.com\/en\/wp-json\/wp\/v2\/posts\/153554","targetHints":{"allow":["GET"]}}],"collection":[{"href":"https:\/\/alofokedeportes.com\/en\/wp-json\/wp\/v2\/posts"}],"about":[{"href":"https:\/\/alofokedeportes.com\/en\/wp-json\/wp\/v2\/types\/post"}],"author":[{"embeddable":true,"href":"https:\/\/alofokedeportes.com\/en\/wp-json\/wp\/v2\/users\/1"}],"replies":[{"embeddable":true,"href":"https:\/\/alofokedeportes.com\/en\/wp-json\/wp\/v2\/comments?post=153554"}],"version-history":[{"count":0,"href":"https:\/\/alofokedeportes.com\/en\/wp-json\/wp\/v2\/posts\/153554\/revisions"}],"wp:featuredmedia":[{"embeddable":true,"href":"https:\/\/alofokedeportes.com\/en\/wp-json\/wp\/v2\/media\/153555"}],"wp:attachment":[{"href":"https:\/\/alofokedeportes.com\/en\/wp-json\/wp\/v2\/media?parent=153554"}],"wp:term":[{"taxonomy":"category","embeddable":true,"href":"https:\/\/alofokedeportes.com\/en\/wp-json\/wp\/v2\/categories?post=153554"},{"taxonomy":"post_tag","embeddable":true,"href":"https:\/\/alofokedeportes.com\/en\/wp-json\/wp\/v2\/tags?post=153554"}],"curies":[{"name":"wp","href":"https:\/\/api.w.org\/{rel}","templated":true}]}}