{"id":153442,"date":"2026-08-31T21:25:45","date_gmt":"2026-09-01T01:25:45","guid":{"rendered":"https:\/\/alofokedeportes.com\/en\/sin-categoria\/victor-livio-cedeno-brea-is-the-newly-appointed-superintendent-of-banks-2\/"},"modified":"2026-08-31T21:25:45","modified_gmt":"2026-09-01T01:25:45","slug":"victor-livio-cedeno-brea-is-the-newly-appointed-superintendent-of-banks-2","status":"publish","type":"post","link":"https:\/\/alofokedeportes.com\/en\/national\/victor-livio-cedeno-brea-is-the-newly-appointed-superintendent-of-banks-2\/","title":{"rendered":"V\u00edctor Livio Cede\u00f1o Brea is the newly appointed Superintendent of Banks"},"content":{"rendered":"<h2 class=\"wp-block-heading\">V\u00edctor Livio Emmanuel Cede\u00f1o Brea assumes the Superintendency of Banks<\/h2>\n\n<p>The President of the Republic, Luis Abinader, has formalized this Monday the appointment of V\u00edctor Livio Emmanuel Cede\u00f1o Brea as the new Superintendent of Banks, through Decree number 606-26. With this designation, Cede\u00f1o Brea assumes the leadership of the agency responsible for supervising and regulating all financial intermediation entities operating in the country.<\/p>\n\n<p>The measure, made official on August 31, 2026, complies with the statutes of Law 183-02, Monetary and Financial. Said regulation stipulates that the head of the Superintendency of Banks is selected by the Executive Branch for a two-year management period, maintaining the possibility of being ratified in the position provided that the required legal criteria are met.<\/p>\n\n<h2 class=\"wp-block-heading\">Background of the new incumbent<\/h2>\n\n<p>Cede\u00f1o Brea arrives at this position with a high-level technical profile. He is a lawyer with a strong specialization in financial regulation and economics. His academic background stands out for being a Doctor of Law and Economics (Ph.D.), a degree obtained in 2017 after completing higher studies at the universities of Hamburg, Rotterdam, and Bologna.<\/p>\n\n<blockquote class=\"wp-block-quote is-layout-flow wp-block-quote-is-layout-flow\"><p>Cede\u00f1o Brea&#8217;s appointment seeks to strengthen the supervision of the national financial system, contributing his vast academic and professional experience in economic regulation.<\/p><\/blockquote>\n\n<p>The new superintendent replaces Alejandro Fern\u00e1ndez Whipple in his duties, who had been holding the position since August 2024, after having been ratified under Decree 442-24. The transition marks a new stage in the management of the regulatory entity under the current administration.<\/p>","protected":false},"excerpt":{"rendered":"<p>V\u00edctor Livio Emmanuel Cede\u00f1o Brea assumes the Superintendency of Banks The President of the Republic, Luis Abinader, has formalized this Monday the appointment of V\u00edctor Livio Emmanuel Cede\u00f1o Brea as the new Superintendent of Banks, through Decree number 606-26. With this designation, Cede\u00f1o Brea assumes the leadership of the agency responsible for supervising and regulating [&hellip;]<\/p>\n","protected":false},"author":1,"featured_media":153443,"comment_status":"open","ping_status":"open","sticky":false,"template":"","format":"standard","meta":{"footnotes":""},"categories":[12809],"tags":[1271,11127,14250,14835],"class_list":{"0":"post-153442","1":"post","2":"type-post","3":"status-publish","4":"format-standard","5":"has-post-thumbnail","7":"category-national","8":"tag-dominican-republic","9":"tag-luis-abinader","10":"tag-superintendency-of-banks","11":"tag-victor-cedeno"},"amp_enabled":true,"_links":{"self":[{"href":"https:\/\/alofokedeportes.com\/en\/wp-json\/wp\/v2\/posts\/153442","targetHints":{"allow":["GET"]}}],"collection":[{"href":"https:\/\/alofokedeportes.com\/en\/wp-json\/wp\/v2\/posts"}],"about":[{"href":"https:\/\/alofokedeportes.com\/en\/wp-json\/wp\/v2\/types\/post"}],"author":[{"embeddable":true,"href":"https:\/\/alofokedeportes.com\/en\/wp-json\/wp\/v2\/users\/1"}],"replies":[{"embeddable":true,"href":"https:\/\/alofokedeportes.com\/en\/wp-json\/wp\/v2\/comments?post=153442"}],"version-history":[{"count":0,"href":"https:\/\/alofokedeportes.com\/en\/wp-json\/wp\/v2\/posts\/153442\/revisions"}],"wp:featuredmedia":[{"embeddable":true,"href":"https:\/\/alofokedeportes.com\/en\/wp-json\/wp\/v2\/media\/153443"}],"wp:attachment":[{"href":"https:\/\/alofokedeportes.com\/en\/wp-json\/wp\/v2\/media?parent=153442"}],"wp:term":[{"taxonomy":"category","embeddable":true,"href":"https:\/\/alofokedeportes.com\/en\/wp-json\/wp\/v2\/categories?post=153442"},{"taxonomy":"post_tag","embeddable":true,"href":"https:\/\/alofokedeportes.com\/en\/wp-json\/wp\/v2\/tags?post=153442"}],"curies":[{"name":"wp","href":"https:\/\/api.w.org\/{rel}","templated":true}]}}