{"id":152490,"date":"2026-08-29T10:52:50","date_gmt":"2026-08-29T14:52:50","guid":{"rendered":"https:\/\/alofokedeportes.com\/en\/sin-categoria\/hipolito-mejia-highlights-social-impact-of-the-plastics-for-school-supplies-program\/"},"modified":"2026-08-29T10:52:50","modified_gmt":"2026-08-29T14:52:50","slug":"hipolito-mejia-highlights-social-impact-of-the-plastics-for-school-supplies-program","status":"publish","type":"post","link":"https:\/\/alofokedeportes.com\/en\/national\/hipolito-mejia-highlights-social-impact-of-the-plastics-for-school-supplies-program\/","title":{"rendered":"Hip\u00f3lito Mej\u00eda highlights social impact of the Plastics for School Supplies program"},"content":{"rendered":"<h2 class=\"wp-block-heading\">Hip\u00f3lito Mej\u00eda praises &#8220;Plastics for School Supplies&#8221; initiative<\/h2>\n\n<p>The former President of the Republic, Hip\u00f3lito Mej\u00eda, highlighted the positive impact of the &#8220;Plastics for School Supplies&#8221; campaign, emphasizing its ability to integrate environmental care with direct social impact work for Dominican families.<\/p>\n\n<p>This initiative, which promotes the collection of plastic materials in exchange for educational supplies, has been valued by the former president as an effective mechanism to mitigate family expenses at the beginning of the school year, while fostering a culture of recycling among the citizenry.<\/p>\n\n<h2 class=\"wp-block-heading\">A commitment to the environment and education<\/h2>\n\n<p>During his speech, Mej\u00eda emphasized that this program not only facilitates access to school supplies for students in vulnerable sectors, but also contributes significantly to the cleaning of public spaces and the reduction of plastic waste. According to the former head of state, this joint effort generates tangible benefits for current society and future generations.<\/p>\n\n<blockquote class=\"wp-block-quote is-layout-flow wp-block-quote-is-layout-flow\"><p>It is extremely positive to promote programs that link education, solidarity, and environmental protection, as they generate well-being for both communities and the development of our children and adolescents.<\/p><cite>Hip\u00f3lito Mej\u00eda<\/cite><\/blockquote>\n\n<h2 class=\"wp-block-heading\">Social impact of the workday<\/h2>\n\n<p>The project seeks to actively involve the population in responsible practices, transforming waste into learning tools. Among the key points of this initiative, Alofoke Deportes highlights:<\/p>\n\n\n<ul class=\"wp-block-list\"><li>Fostering a collective ecological awareness.<\/li><li>Economic relief for low-income households during the school season.<\/li><li>Promotion of solidarity values through community participation.<\/li><li>Effective cleaning of the urban environment through incentivized recycling.<\/li><\/ul>\n\n\n<p>With these types of actions, the goal is for sustainability and support for education to continue being fundamental pillars for the growth of families, demonstrating that citizen collaboration is key to national progress.<\/p>","protected":false},"excerpt":{"rendered":"<p>Hip\u00f3lito Mej\u00eda praises &#8220;Plastics for School Supplies&#8221; initiative The former President of the Republic, Hip\u00f3lito Mej\u00eda, highlighted the positive impact of the &#8220;Plastics for School Supplies&#8221; campaign, emphasizing its ability to integrate environmental care with direct social impact work for Dominican families. This initiative, which promotes the collection of plastic materials in exchange for educational [&hellip;]<\/p>\n","protected":false},"author":1,"featured_media":152491,"comment_status":"open","ping_status":"open","sticky":false,"template":"","format":"standard","meta":{"footnotes":""},"categories":[12809],"tags":[10,14063,14678,13421],"class_list":{"0":"post-152490","1":"post","2":"type-post","3":"status-publish","4":"format-standard","5":"has-post-thumbnail","7":"category-national","8":"tag-education","9":"tag-hipolito-mejia","10":"tag-recycling","11":"tag-school-supplies"},"amp_enabled":true,"_links":{"self":[{"href":"https:\/\/alofokedeportes.com\/en\/wp-json\/wp\/v2\/posts\/152490","targetHints":{"allow":["GET"]}}],"collection":[{"href":"https:\/\/alofokedeportes.com\/en\/wp-json\/wp\/v2\/posts"}],"about":[{"href":"https:\/\/alofokedeportes.com\/en\/wp-json\/wp\/v2\/types\/post"}],"author":[{"embeddable":true,"href":"https:\/\/alofokedeportes.com\/en\/wp-json\/wp\/v2\/users\/1"}],"replies":[{"embeddable":true,"href":"https:\/\/alofokedeportes.com\/en\/wp-json\/wp\/v2\/comments?post=152490"}],"version-history":[{"count":0,"href":"https:\/\/alofokedeportes.com\/en\/wp-json\/wp\/v2\/posts\/152490\/revisions"}],"wp:featuredmedia":[{"embeddable":true,"href":"https:\/\/alofokedeportes.com\/en\/wp-json\/wp\/v2\/media\/152491"}],"wp:attachment":[{"href":"https:\/\/alofokedeportes.com\/en\/wp-json\/wp\/v2\/media?parent=152490"}],"wp:term":[{"taxonomy":"category","embeddable":true,"href":"https:\/\/alofokedeportes.com\/en\/wp-json\/wp\/v2\/categories?post=152490"},{"taxonomy":"post_tag","embeddable":true,"href":"https:\/\/alofokedeportes.com\/en\/wp-json\/wp\/v2\/tags?post=152490"}],"curies":[{"name":"wp","href":"https:\/\/api.w.org\/{rel}","templated":true}]}}