{"id":152450,"date":"2026-08-29T09:04:14","date_gmt":"2026-08-29T13:04:14","guid":{"rendered":"https:\/\/alofokedeportes.com\/en\/sin-categoria\/dominican-writer-osiris-madera-wins-best-novel-award-in-madrid\/"},"modified":"2026-08-29T09:04:14","modified_gmt":"2026-08-29T13:04:14","slug":"dominican-writer-osiris-madera-wins-best-novel-award-in-madrid","status":"publish","type":"post","link":"https:\/\/alofokedeportes.com\/en\/national\/dominican-writer-osiris-madera-wins-best-novel-award-in-madrid\/","title":{"rendered":"Dominican writer Osiris Madera wins best novel award in Madrid"},"content":{"rendered":"<h2 class=\"wp-block-heading\">Dominican writer Osiris Madera triumphs at the Madrid Book Fair with the 2026 Escriduende Award<\/h2>\n\n<p>Dominican literature continues to reap success on the world&#8217;s most prestigious stages. On this occasion, the writer and poet Osiris Madera was awarded the 2026 Escriduende Prize, obtaining recognition for Best Latin American Novel for his outstanding work titled Glenna and Maria meet.<\/p>\n\n<p>The awards ceremony took place at the iconic Casa de Vacas Cultural Center, located in El Retiro Park, during the renowned Madrid Book Fair. The person in charge of formally presenting the award was the Ambassador of the Dominican Republic to the Kingdom of Spain, Tony Raful, who highlighted the author&#8217;s narrative quality.<\/p>\n\n<blockquote class=\"wp-block-quote is-layout-flow wp-block-quote-is-layout-flow\"><p>This distinction reaffirms the great moment that our country&#8217;s narrative is experiencing abroad, consolidating the legacy of Dominican authors who have marked a before and after in Hispanic literature.<\/p><cite>Osiris Madera, award-winning writer.<\/cite><\/blockquote>\n\n<h3 class=\"wp-block-heading\">A milestone for Dominican literature<\/h3>\n\n<p>Upon receiving the award, Madera expressed his gratitude and underscored the significance of this achievement, as he became the third Dominican author to reach an international recognition of this magnitude. In his speech, he recalled the precedent set by illustrious figures of national literature:<\/p>\n\n<ul class=\"wp-block-list\"><li>Pedro Verg\u00e9s, awarded the Blasco Ib\u00e1\u00f1ez Prize.<\/li><li>Marcio Veloz Maggiolo, recognized with the Jos\u00e9 Mar\u00eda Arguedas Prize.<\/li><\/ul>\n\n<p>The international jury, chaired by the renowned philologist Francisco Guti\u00e9rrez Carbajo, evaluated various proposals before selecting Madera&#8217;s work, highlighting its aesthetic and narrative proposal. This award was one of the highlights of the closing activities of the Madrid Book Fair, an event that serves as an epicenter for culture and global literary exchange.<\/p>\n\n<p>Finally, the author thanked the Sial Pigmali\u00f3n Publishing Group for the constant support it provides to Dominican writers, allowing their works to cross borders and reach readers from diverse latitudes, thus strengthening the projection of Creole culture in the international arena.<\/p>","protected":false},"excerpt":{"rendered":"<p>Dominican writer Osiris Madera triumphs at the Madrid Book Fair with the 2026 Escriduende Award Dominican literature continues to reap success on the world&#8217;s most prestigious stages. On this occasion, the writer and poet Osiris Madera was awarded the 2026 Escriduende Prize, obtaining recognition for Best Latin American Novel for his outstanding work titled Glenna [&hellip;]<\/p>\n","protected":false},"author":1,"featured_media":152451,"comment_status":"open","ping_status":"open","sticky":false,"template":"","format":"standard","meta":{"footnotes":""},"categories":[12809],"tags":[14671,14672,14670,14673],"class_list":{"0":"post-152450","1":"post","2":"type-post","3":"status-publish","4":"format-standard","5":"has-post-thumbnail","7":"category-national","8":"tag-book-fair","9":"tag-dominican-literature","10":"tag-escriduende-award","11":"tag-osiris-wood"},"amp_enabled":true,"_links":{"self":[{"href":"https:\/\/alofokedeportes.com\/en\/wp-json\/wp\/v2\/posts\/152450","targetHints":{"allow":["GET"]}}],"collection":[{"href":"https:\/\/alofokedeportes.com\/en\/wp-json\/wp\/v2\/posts"}],"about":[{"href":"https:\/\/alofokedeportes.com\/en\/wp-json\/wp\/v2\/types\/post"}],"author":[{"embeddable":true,"href":"https:\/\/alofokedeportes.com\/en\/wp-json\/wp\/v2\/users\/1"}],"replies":[{"embeddable":true,"href":"https:\/\/alofokedeportes.com\/en\/wp-json\/wp\/v2\/comments?post=152450"}],"version-history":[{"count":0,"href":"https:\/\/alofokedeportes.com\/en\/wp-json\/wp\/v2\/posts\/152450\/revisions"}],"wp:featuredmedia":[{"embeddable":true,"href":"https:\/\/alofokedeportes.com\/en\/wp-json\/wp\/v2\/media\/152451"}],"wp:attachment":[{"href":"https:\/\/alofokedeportes.com\/en\/wp-json\/wp\/v2\/media?parent=152450"}],"wp:term":[{"taxonomy":"category","embeddable":true,"href":"https:\/\/alofokedeportes.com\/en\/wp-json\/wp\/v2\/categories?post=152450"},{"taxonomy":"post_tag","embeddable":true,"href":"https:\/\/alofokedeportes.com\/en\/wp-json\/wp\/v2\/tags?post=152450"}],"curies":[{"name":"wp","href":"https:\/\/api.w.org\/{rel}","templated":true}]}}