{"id":14671,"date":"2025-07-04T12:30:01","date_gmt":"2025-07-04T16:30:01","guid":{"rendered":"https:\/\/alofokedeportes.com\/en\/sin-categoria\/sheinbaum-awaits-deportation-of-chavez-jr-to-mexico-for-serious-charges\/"},"modified":"2025-07-04T12:30:01","modified_gmt":"2025-07-04T16:30:01","slug":"sheinbaum-awaits-deportation-of-chavez-jr-to-mexico-for-serious-charges","status":"publish","type":"post","link":"https:\/\/alofokedeportes.com\/en\/boxing\/sheinbaum-awaits-deportation-of-chavez-jr-to-mexico-for-serious-charges\/","title":{"rendered":"Sheinbaum Awaits Deportation of Ch\u00e1vez Jr. to Mexico for Serious Charges"},"content":{"rendered":"<h2>Claudia Sheinbaum Reveals Details About the Detention of Julio C\u00e9sar Ch\u00e1vez Jr.<\/h2>\n\nThe President of Mexico, Claudia Sheinbaum, reported this Friday that the arrest of boxer Julio C\u00e9sar Ch\u00e1vez Jr. is due to an arrest warrant issued in 2023. Sheinbaum explained that the reason it had not been executed before is because Ch\u00e1vez Jr. had mostly resided in the United States.\n\nThe statement came a day after U.S. authorities announced the boxer&#8217;s arrest in California.\n\n\n<p><a href=\"https:\/\/www.dhs.gov\/news\/2025\/07\/03\/dhs-announces-ice-arrest-mexican-boxer-sinaloa-cartel-affiliate-active-criminal\" target=\"_blank\" rel=\"noopener\">US authorities announce the arrest of the boxer<\/a><\/p>\n\n\nAccording to U.S. authorities, Ch\u00e1vez Jr. was arrested for overstaying his visa and for providing false information on his application for a permanent resident card. He is currently in expedited deportation proceedings.\n\n\n<blockquote class=\"wp-block-quote is-layout-flow wp-block-quote-is-layout-flow\"><p>The hope is that he will be deported and serve the sentence in Mexico.<\/p><cite>Claudia Sheinbaum<\/cite><\/blockquote>\n\n\nSheinbaum, during her daily press conference, referred to the charges faced by Ch\u00e1vez Jr. for arms and drug trafficking.\n\nThe 39-year-old boxer was arrested on Wednesday by a large number of federal agents while riding a scooter in front of a residence in Studio City, Los Angeles, according to his lawyer Michael Goldstein.\n\nThe arrest occurred a few days after the former middleweight champion lost a fight.\n\n\n<p><a href=\"\/boxing\/story\/_\/id\/45607153\/jake-paul-tops-julio-cesar-chavez-jr-improves-12-1\">Ch\u00e1vez Jr. loses to Jake Paul<\/a><\/p>\n\n\nCh\u00e1vez Jr. divided his time between both countries. The U.S. Department of Homeland Security detailed that Immigration and Customs Enforcement officers detained the boxer for overstaying his tourist visa, which he obtained in August 2023 and expired in February 2024.\n\nThe agency also indicated that Ch\u00e1vez Jr. submitted multiple fraudulent statements when applying for permanent residency on April 2, 2024, based on his marriage to Frida Mu\u00f1oz, a U.S. citizen. Mu\u00f1oz is the mother of a granddaughter of the drug trafficker Joaqu\u00edn &#8220;El Chapo&#8221; Guzm\u00e1n, currently incarcerated.\n\nU.S. officials believe that Ch\u00e1vez Jr. has links to the powerful Sinaloa Cartel, which is blamed for a significant part of the drug-related violence in Mexico.","protected":false},"excerpt":{"rendered":"<p>Claudia Sheinbaum Reveals Details About the Detention of Julio C\u00e9sar Ch\u00e1vez Jr. The President of Mexico, Claudia Sheinbaum, reported this Friday that the arrest of boxer Julio C\u00e9sar Ch\u00e1vez Jr. is due to an arrest warrant issued in 2023. Sheinbaum explained that the reason it had not been executed before is because Ch\u00e1vez Jr. had [&hellip;]<\/p>\n","protected":false},"author":1,"featured_media":14672,"comment_status":"open","ping_status":"open","sticky":false,"template":"","format":"standard","meta":{"footnotes":""},"categories":[30],"tags":[867,5304,4720,5303],"class_list":{"0":"post-14671","1":"post","2":"type-post","3":"status-publish","4":"format-standard","5":"has-post-thumbnail","7":"category-boxing","8":"tag-arrest","9":"tag-deportation","10":"tag-julio-cesar-chavez-jr","11":"tag-sinaloa-cartel"},"amp_enabled":true,"_links":{"self":[{"href":"https:\/\/alofokedeportes.com\/en\/wp-json\/wp\/v2\/posts\/14671","targetHints":{"allow":["GET"]}}],"collection":[{"href":"https:\/\/alofokedeportes.com\/en\/wp-json\/wp\/v2\/posts"}],"about":[{"href":"https:\/\/alofokedeportes.com\/en\/wp-json\/wp\/v2\/types\/post"}],"author":[{"embeddable":true,"href":"https:\/\/alofokedeportes.com\/en\/wp-json\/wp\/v2\/users\/1"}],"replies":[{"embeddable":true,"href":"https:\/\/alofokedeportes.com\/en\/wp-json\/wp\/v2\/comments?post=14671"}],"version-history":[{"count":0,"href":"https:\/\/alofokedeportes.com\/en\/wp-json\/wp\/v2\/posts\/14671\/revisions"}],"wp:featuredmedia":[{"embeddable":true,"href":"https:\/\/alofokedeportes.com\/en\/wp-json\/wp\/v2\/media\/14672"}],"wp:attachment":[{"href":"https:\/\/alofokedeportes.com\/en\/wp-json\/wp\/v2\/media?parent=14671"}],"wp:term":[{"taxonomy":"category","embeddable":true,"href":"https:\/\/alofokedeportes.com\/en\/wp-json\/wp\/v2\/categories?post=14671"},{"taxonomy":"post_tag","embeddable":true,"href":"https:\/\/alofokedeportes.com\/en\/wp-json\/wp\/v2\/tags?post=14671"}],"curies":[{"name":"wp","href":"https:\/\/api.w.org\/{rel}","templated":true}]}}