{"id":14473,"date":"2025-07-03T09:17:15","date_gmt":"2025-07-03T13:17:15","guid":{"rendered":"https:\/\/alofokedeportes.com\/en\/sin-categoria\/toros-del-este-unveils-2025-26-coaching-staff-estevez-and-reinforcements\/"},"modified":"2025-07-03T09:17:15","modified_gmt":"2025-07-03T13:17:15","slug":"toros-del-este-unveils-2025-26-coaching-staff-estevez-and-reinforcements","status":"publish","type":"post","link":"https:\/\/alofokedeportes.com\/en\/nationals\/toros-del-este-unveils-2025-26-coaching-staff-estevez-and-reinforcements\/","title":{"rendered":"Toros del Este Unveils 2025-26 Coaching Staff: Est\u00e9vez and Reinforcements"},"content":{"rendered":"\n<h2 class=\"wp-block-heading\">Toros del Este Announce Coaching Staff for the 2025-26 Season<\/h2>\n\n\nLa Romana \u2013 Los Toros del Este have presented their renewed team of coaches who will accompany manager V\u00edctor Est\u00e9vez in the upcoming 2025-26 season, which will begin on October 15.\n\nThe Romanense team will have the incorporation of Brayan Pe\u00f1a as bench coach. Pe\u00f1a, with extensive experience as a player and coach in the Dominican league, played seven seasons in the league, including a notable stint with the Toros in the Round Robin of the 2005-06 season. In addition, he has worked as a coach with the Gigantes del Cibao and was promoted in 2024 to the big team as a catchers coordinator and bullpen coach.\n\nJordan Norberto will assume the role of pitching coach, repeating functions after his time with the Gigantes del Cibao. Raywilly G\u00f3mez, after several seasons with the Licey, will be the batting coach for the Toros, a position he currently holds with the Tri-City Dust Devil.\n\nDaniel De Mondesert, currently in the Major Leagues with the Milwaukee Brewers, will be the assistant to manager Est\u00e9vez. Cristopher Madera and Juan Ciriaco will be the third and first base coaches, respectively. Madera, with experience in the Escogido, will also be the outfield coach. Ciriaco, former player for the Toros, works in the minor leagues of the San Francisco Giants.\n\nGabriel Hern\u00e1ndez will debut as a pitching strategist coach, while Danilo S\u00e1nchez will be a catching instructor. Jos\u00e9 R. D\u00edaz, known in La Romana, will be a bullpen coach after a successful career in LIDOM.\n\nRafael Rijo and Juli\u00e1n Yan, who will be the assistant batting coach, also repeat as coaches.","protected":false},"excerpt":{"rendered":"<p>Toros del Este Announce Coaching Staff for the 2025-26 Season La Romana \u2013 Los Toros del Este have presented their renewed team of coaches who will accompany manager V\u00edctor Est\u00e9vez in the upcoming 2025-26 season, which will begin on October 15. The Romanense team will have the incorporation of Brayan Pe\u00f1a as bench coach. Pe\u00f1a, [&hellip;]<\/p>\n","protected":false},"author":1,"featured_media":14474,"comment_status":"open","ping_status":"open","sticky":false,"template":"","format":"standard","meta":{"footnotes":""},"categories":[997],"tags":[88,894,1279,5271],"class_list":{"0":"post-14473","1":"post","2":"type-post","3":"status-publish","4":"format-standard","5":"has-post-thumbnail","7":"category-nationals","8":"tag-baseball","9":"tag-coaches","10":"tag-lidom","11":"tag-toros-del-este"},"amp_enabled":true,"_links":{"self":[{"href":"https:\/\/alofokedeportes.com\/en\/wp-json\/wp\/v2\/posts\/14473","targetHints":{"allow":["GET"]}}],"collection":[{"href":"https:\/\/alofokedeportes.com\/en\/wp-json\/wp\/v2\/posts"}],"about":[{"href":"https:\/\/alofokedeportes.com\/en\/wp-json\/wp\/v2\/types\/post"}],"author":[{"embeddable":true,"href":"https:\/\/alofokedeportes.com\/en\/wp-json\/wp\/v2\/users\/1"}],"replies":[{"embeddable":true,"href":"https:\/\/alofokedeportes.com\/en\/wp-json\/wp\/v2\/comments?post=14473"}],"version-history":[{"count":0,"href":"https:\/\/alofokedeportes.com\/en\/wp-json\/wp\/v2\/posts\/14473\/revisions"}],"wp:featuredmedia":[{"embeddable":true,"href":"https:\/\/alofokedeportes.com\/en\/wp-json\/wp\/v2\/media\/14474"}],"wp:attachment":[{"href":"https:\/\/alofokedeportes.com\/en\/wp-json\/wp\/v2\/media?parent=14473"}],"wp:term":[{"taxonomy":"category","embeddable":true,"href":"https:\/\/alofokedeportes.com\/en\/wp-json\/wp\/v2\/categories?post=14473"},{"taxonomy":"post_tag","embeddable":true,"href":"https:\/\/alofokedeportes.com\/en\/wp-json\/wp\/v2\/tags?post=14473"}],"curies":[{"name":"wp","href":"https:\/\/api.w.org\/{rel}","templated":true}]}}