{"id":14135,"date":"2025-07-02T11:49:54","date_gmt":"2025-07-02T15:49:54","guid":{"rendered":"https:\/\/alofokedeportes.com\/en\/sin-categoria\/woodland-us-final-vice-captain-for-the-2024-ryder-cup\/"},"modified":"2025-07-02T11:49:54","modified_gmt":"2025-07-02T15:49:54","slug":"woodland-us-final-vice-captain-for-the-2024-ryder-cup","status":"publish","type":"post","link":"https:\/\/alofokedeportes.com\/en\/golf\/woodland-us-final-vice-captain-for-the-2024-ryder-cup\/","title":{"rendered":"Woodland, US Final Vice Captain for the 2024 Ryder Cup"},"content":{"rendered":"The U.S. Ryder Cup team captain, Keegan Bradley, has announced Gary Woodland as the fifth and final vice-captain for this year&#8217;s tournament. The event will take place at Bethpage Black, New York, where the team will seek to regain the trophy from Europe.\n\nWoodland, 41, the 2019 U.S. Open winner, joins Jim Furyk, Kevin Kisner, Webb Simpson and Brandt Snedeker on Bradley&#8217;s team.\n\n<figure class=\"wp-block-image\"><img decoding=\"async\" src=\"https:\/\/a3.espncdn.com\/combiner\/i?img=%2Fphoto%2F2024%2F0112%2Fr1276375_1296x729_16%2D9.jpg\" alt=\"Gary Woodland\" title=\"\"><figcaption>Gary Woodland ha sido seleccionado como el quinto y \u00faltimo vicecapit\u00e1n para la Ryder Cup por el capit\u00e1n Keegan Bradley. La Ryder Cup es del 26 al 28 de septiembre en Bethpage Black en Nueva York.\nMichael Reaves\/Getty Images<\/figcaption><\/figure>\n\n<blockquote class=\"wp-block-quote is-layout-flow wp-block-quote-is-layout-flow\"><p>&#8220;I have an incredible amount of respect and admiration for Gary and everything he has achieved in this game,&#8221; Bradley said.<\/p><cite>Keegan Bradley<\/cite><\/blockquote>\n\nBradley highlighted Woodland&#8217;s experience on golf&#8217;s most important stages, as a major champion who still competes at a high level.\n\nThis will be Woodland&#8217;s first participation in the Ryder Cup as vice-captain. Previously, he represented the United States in the 2019 Presidents Cup in Australia, where he contributed 1.5 points to the American team&#8217;s victory.\n\nIn February, Woodland was awarded the PGA Tour Courage Award, recognizing his return to full-time competition after brain surgery in 2023.\n\n&#8220;Keegan&#8217;s passion for this event is contagious and I am delighted to be a part of it,&#8221; commented Woodland.\n\nWoodland expressed his commitment to support Bradley and the team, with the goal of reaching Bethpage in optimal condition.\n\nThe Ryder Cup is scheduled to be held from September 26 to 28.","protected":false},"excerpt":{"rendered":"<p>The U.S. Ryder Cup team captain, Keegan Bradley, has announced Gary Woodland as the fifth and final vice-captain for this year&#8217;s tournament. The event will take place at Bethpage Black, New York, where the team will seek to regain the trophy from Europe. Woodland, 41, the 2019 U.S. Open winner, joins Jim Furyk, Kevin Kisner, [&hellip;]<\/p>\n","protected":false},"author":1,"featured_media":14136,"comment_status":"open","ping_status":"open","sticky":false,"template":"","format":"standard","meta":{"footnotes":""},"categories":[33],"tags":[5224,1496,410,5225],"class_list":{"0":"post-14135","1":"post","2":"type-post","3":"status-publish","4":"format-standard","5":"has-post-thumbnail","7":"category-golf","8":"tag-gary-woodland","9":"tag-keegan-bradley","10":"tag-ryder-cup","11":"tag-vice-captain"},"amp_enabled":true,"_links":{"self":[{"href":"https:\/\/alofokedeportes.com\/en\/wp-json\/wp\/v2\/posts\/14135","targetHints":{"allow":["GET"]}}],"collection":[{"href":"https:\/\/alofokedeportes.com\/en\/wp-json\/wp\/v2\/posts"}],"about":[{"href":"https:\/\/alofokedeportes.com\/en\/wp-json\/wp\/v2\/types\/post"}],"author":[{"embeddable":true,"href":"https:\/\/alofokedeportes.com\/en\/wp-json\/wp\/v2\/users\/1"}],"replies":[{"embeddable":true,"href":"https:\/\/alofokedeportes.com\/en\/wp-json\/wp\/v2\/comments?post=14135"}],"version-history":[{"count":0,"href":"https:\/\/alofokedeportes.com\/en\/wp-json\/wp\/v2\/posts\/14135\/revisions"}],"wp:featuredmedia":[{"embeddable":true,"href":"https:\/\/alofokedeportes.com\/en\/wp-json\/wp\/v2\/media\/14136"}],"wp:attachment":[{"href":"https:\/\/alofokedeportes.com\/en\/wp-json\/wp\/v2\/media?parent=14135"}],"wp:term":[{"taxonomy":"category","embeddable":true,"href":"https:\/\/alofokedeportes.com\/en\/wp-json\/wp\/v2\/categories?post=14135"},{"taxonomy":"post_tag","embeddable":true,"href":"https:\/\/alofokedeportes.com\/en\/wp-json\/wp\/v2\/tags?post=14135"}],"curies":[{"name":"wp","href":"https:\/\/api.w.org\/{rel}","templated":true}]}}