{"id":12932,"date":"2025-06-28T11:25:50","date_gmt":"2025-06-28T15:25:50","guid":{"rendered":"https:\/\/alofokedeportes.com\/en\/sin-categoria\/estevao-confesses-anxiety-over-chelsea-signing-abel-ferreira-defends-him\/"},"modified":"2025-06-28T11:25:50","modified_gmt":"2025-06-28T15:25:50","slug":"estevao-confesses-anxiety-over-chelsea-signing-abel-ferreira-defends-him","status":"publish","type":"post","link":"https:\/\/alofokedeportes.com\/en\/soccer\/estevao-confesses-anxiety-over-chelsea-signing-abel-ferreira-defends-him\/","title":{"rendered":"Est\u00eav\u00e3o Confesses Anxiety Over Chelsea Signing: Abel Ferreira Defends Him"},"content":{"rendered":"<h2>Abel Ferreira Defends Est\u00eav\u00e3o Against Criticism for His Signing with Chelsea<\/h2>\n\nPalmeiras coach Abel Ferreira defended Est\u00eav\u00e3o this Friday, after the young footballer admitted to feeling nervous about his imminent transfer to Chelsea.\n\nIn statements to the press, the 18-year-old winger, Est\u00eav\u00e3o, revealed that he had experienced &#8220;anxiety&#8221; and &#8220;butterflies in his stomach&#8221; while waiting to finalize his move to Stamford Bridge next month, an agreement that was reached last June.\n\nPalmeiras will face Botafogo in the round of 16 of the Club World Cup, a match that will be played at Lincoln Financial Field in Philadelphia.\n\n\n<blockquote class=\"wp-block-quote is-layout-flow wp-block-quote-is-layout-flow\"><p>It&#8217;s really difficult. It&#8217;s like a dream I&#8217;m going to make come true.<\/p><cite>Est\u00eav\u00e3o<\/cite><\/blockquote>\n\n\n\n<figure class=\"wp-block-image\"><img decoding=\"async\" src=\"https:\/\/a1.espncdn.com\/combiner\/i?img=%2Fphoto%2F2025%2F0628%2Fr1512273_1296x729_16%2D9.jpg\" alt=\"\" title=\"\"><\/figure>\n\n\nThe image shows Est\u00eav\u00e3o, who will join Chelsea next month after the Club World Cup.\n\nThe player added: &#8220;I have to concentrate here, I have to work, but it&#8217;s not easy. The closer it gets, the more anxiety I feel. But I&#8217;m trying to concentrate here, to leave [Palmeiras] the right way.&#8221;\n\nEst\u00eav\u00e3o&#8217;s statements generated some criticism from fans and local media, who argued that it demonstrated a lack of focus on the club&#8217;s campaign in the tournament.\n\n\n<blockquote class=\"wp-block-quote is-layout-flow wp-block-quote-is-layout-flow\"><p>Do you know the difference between a human and an animal? What distinguishes one from the other? It&#8217;s feelings and emotions.<\/p><cite>Abel Ferreira<\/cite><\/blockquote>\n\n\nFerreira commented at a press conference on Friday: &#8220;It&#8217;s normal to be nervous in this type of match, to feel more anxiety. It&#8217;s normal for a boy who has a dream that is coming true. It&#8217;s normal that [Est\u00eav\u00e3o] feels that. He&#8217;s an 18-year-old boy, he was naive to say what he said. And many of you [the press] destroyed him, which is what you do with the players.&#8221;\n\nEst\u00eav\u00e3o started in the three group stage matches of the Club World Cup against Porto, Al Ahly and Inter Miami, and provided three assists.\n\nIt is considered one of the most promising young talents in South America, and he debuted with the senior Brazilian national team last September.","protected":false},"excerpt":{"rendered":"<p>Abel Ferreira Defends Est\u00eav\u00e3o Against Criticism for His Signing with Chelsea Palmeiras coach Abel Ferreira defended Est\u00eav\u00e3o this Friday, after the young footballer admitted to feeling nervous about his imminent transfer to Chelsea. In statements to the press, the 18-year-old winger, Est\u00eav\u00e3o, revealed that he had experienced &#8220;anxiety&#8221; and &#8220;butterflies in his stomach&#8221; while waiting [&hellip;]<\/p>\n","protected":false},"author":1,"featured_media":12933,"comment_status":"open","ping_status":"open","sticky":false,"template":"","format":"standard","meta":{"footnotes":""},"categories":[41],"tags":[4920,220,4096,4097],"class_list":{"0":"post-12932","1":"post","2":"type-post","3":"status-publish","4":"format-standard","5":"has-post-thumbnail","7":"category-soccer","8":"tag-anxiety","9":"tag-chelsea","10":"tag-estao","11":"tag-palmeiras"},"amp_enabled":true,"_links":{"self":[{"href":"https:\/\/alofokedeportes.com\/en\/wp-json\/wp\/v2\/posts\/12932","targetHints":{"allow":["GET"]}}],"collection":[{"href":"https:\/\/alofokedeportes.com\/en\/wp-json\/wp\/v2\/posts"}],"about":[{"href":"https:\/\/alofokedeportes.com\/en\/wp-json\/wp\/v2\/types\/post"}],"author":[{"embeddable":true,"href":"https:\/\/alofokedeportes.com\/en\/wp-json\/wp\/v2\/users\/1"}],"replies":[{"embeddable":true,"href":"https:\/\/alofokedeportes.com\/en\/wp-json\/wp\/v2\/comments?post=12932"}],"version-history":[{"count":0,"href":"https:\/\/alofokedeportes.com\/en\/wp-json\/wp\/v2\/posts\/12932\/revisions"}],"wp:featuredmedia":[{"embeddable":true,"href":"https:\/\/alofokedeportes.com\/en\/wp-json\/wp\/v2\/media\/12933"}],"wp:attachment":[{"href":"https:\/\/alofokedeportes.com\/en\/wp-json\/wp\/v2\/media?parent=12932"}],"wp:term":[{"taxonomy":"category","embeddable":true,"href":"https:\/\/alofokedeportes.com\/en\/wp-json\/wp\/v2\/categories?post=12932"},{"taxonomy":"post_tag","embeddable":true,"href":"https:\/\/alofokedeportes.com\/en\/wp-json\/wp\/v2\/tags?post=12932"}],"curies":[{"name":"wp","href":"https:\/\/api.w.org\/{rel}","templated":true}]}}