{"id":12789,"date":"2025-06-27T12:10:21","date_gmt":"2025-06-27T16:10:21","guid":{"rendered":"https:\/\/alofokedeportes.com\/en\/sin-categoria\/norris-leads-fp2-of-the-austrian-gp-piastri-second-mclaren-at-the-front\/"},"modified":"2025-06-27T12:10:21","modified_gmt":"2025-06-27T16:10:21","slug":"norris-leads-fp2-of-the-austrian-gp-piastri-second-mclaren-at-the-front","status":"publish","type":"post","link":"https:\/\/alofokedeportes.com\/en\/f1\/norris-leads-fp2-of-the-austrian-gp-piastri-second-mclaren-at-the-front\/","title":{"rendered":"Norris leads FP2 of the Austrian GP, Piastri second: McLaren at the front"},"content":{"rendered":"<h2>Lando Norris Sets the Pace in Practice 2 at the Austrian Grand Prix<\/h2>\n\nLando Norris demonstrated his speed by leading the second practice session of the Austrian Grand Prix, making up for lost time after missing the first session.\n\nNorris, who had an incident with his teammate Oscar Piastri in Canada two weeks ago, set a time of 1:04.580, beating his McLaren teammate by a tenth and a half.\n\nThe British driver did not participate in the first session, where Alex Dunne had an outstanding performance.\n\nMax Verstappen placed third, followed by Oscar Piastri. Lance Stroll surprised by finishing fourth for Aston Martin.\n\nCharles Leclerc and George Russell completed the first six places, with Russell having been the fastest in the first practice session.\n\n\n<figure class=\"wp-block-image\"><img decoding=\"async\" src=\"https:\/\/a3.espncdn.com\/combiner\/i?img=%2Fphoto%2F2025%2F0627%2Fr1511975_1296x729_16%2D9.jpg\" alt=\"Lando Norris fue el m\u00e1s r\u00e1pido en la segunda pr\u00e1ctica del GP de Austria, por delante de Oscar Piastri.\" title=\"\"><figcaption>Lando Norris fue el m\u00e1s r\u00e1pido en la segunda pr\u00e1ctica del GP de Austria, por delante de Oscar Piastri.\nANDREJ ISAKOVIC\/AFP via Getty Images<\/figcaption><\/figure>\n","protected":false},"excerpt":{"rendered":"<p>Lando Norris Sets the Pace in Practice 2 at the Austrian Grand Prix Lando Norris demonstrated his speed by leading the second practice session of the Austrian Grand Prix, making up for lost time after missing the first session. Norris, who had an incident with his teammate Oscar Piastri in Canada two weeks ago, set [&hellip;]<\/p>\n","protected":false},"author":1,"featured_media":12790,"comment_status":"open","ping_status":"open","sticky":false,"template":"","format":"standard","meta":{"footnotes":""},"categories":[32],"tags":[4867,4868,436,177],"class_list":{"0":"post-12789","1":"post","2":"type-post","3":"status-publish","4":"format-standard","5":"has-post-thumbnail","7":"category-f1","8":"tag-austrian-grand-prix","9":"tag-fp2","10":"tag-lando-norris","11":"tag-mclaren"},"amp_enabled":true,"_links":{"self":[{"href":"https:\/\/alofokedeportes.com\/en\/wp-json\/wp\/v2\/posts\/12789","targetHints":{"allow":["GET"]}}],"collection":[{"href":"https:\/\/alofokedeportes.com\/en\/wp-json\/wp\/v2\/posts"}],"about":[{"href":"https:\/\/alofokedeportes.com\/en\/wp-json\/wp\/v2\/types\/post"}],"author":[{"embeddable":true,"href":"https:\/\/alofokedeportes.com\/en\/wp-json\/wp\/v2\/users\/1"}],"replies":[{"embeddable":true,"href":"https:\/\/alofokedeportes.com\/en\/wp-json\/wp\/v2\/comments?post=12789"}],"version-history":[{"count":0,"href":"https:\/\/alofokedeportes.com\/en\/wp-json\/wp\/v2\/posts\/12789\/revisions"}],"wp:featuredmedia":[{"embeddable":true,"href":"https:\/\/alofokedeportes.com\/en\/wp-json\/wp\/v2\/media\/12790"}],"wp:attachment":[{"href":"https:\/\/alofokedeportes.com\/en\/wp-json\/wp\/v2\/media?parent=12789"}],"wp:term":[{"taxonomy":"category","embeddable":true,"href":"https:\/\/alofokedeportes.com\/en\/wp-json\/wp\/v2\/categories?post=12789"},{"taxonomy":"post_tag","embeddable":true,"href":"https:\/\/alofokedeportes.com\/en\/wp-json\/wp\/v2\/tags?post=12789"}],"curies":[{"name":"wp","href":"https:\/\/api.w.org\/{rel}","templated":true}]}}