{"id":105859,"date":"2026-01-30T04:57:47","date_gmt":"2026-01-30T08:57:47","guid":{"rendered":"https:\/\/alofokedeportes.com\/en\/sin-categoria\/jose-ramirez-misses-the-2026-world-baseball-classic-for-personal-reasons\/"},"modified":"2026-01-30T04:57:47","modified_gmt":"2026-01-30T08:57:47","slug":"jose-ramirez-misses-the-2026-world-baseball-classic-for-personal-reasons","status":"publish","type":"post","link":"https:\/\/alofokedeportes.com\/en\/nationals\/jose-ramirez-misses-the-2026-world-baseball-classic-for-personal-reasons\/","title":{"rendered":"Jos\u00e9 Ram\u00edrez misses the 2026 World Baseball Classic for personal reasons"},"content":{"rendered":"<h2>Jos\u00e9 Ram\u00edrez Withdraws from the 2026 World Baseball Classic for Personal Reasons<\/h2>\n\nSanto Domingo \u2013 The general manager of the Dominican baseball team, Nelson Cruz, announced this Thursday that third baseman Jos\u00e9 Ram\u00edrez will not be on the roster for the 2026 World Baseball Classic. The absence is due to a personal situation that prevents the player from participating in the tournament.\n\nCruz offered these statements to the media, taking the opportunity to apologize for not having reported the decision earlier. He explained that his role as manager also involves looking after the well-being of the players.\n\n\n<blockquote class=\"wp-block-quote is-layout-flow wp-block-quote-is-layout-flow\">\n\n<p>\u201cI want to apologize to the media, because I know there was a lot of expectation about Jos\u00e9&#8217;s participation. My responsibility as a manager is not limited to choosing a team, it also includes protecting the players,\u201d said Cruz.<\/p>\n\n<cite>Nelson Cruz, General Manager<\/cite><\/blockquote>\n\n\nCruz clarified that the decision is not related to Ram\u00edrez&#8217;s sporting performance, but rather to a personal matter that prevents him from being present from the start of the tournament.\n\nFurthermore, the manager indicated that there is a possibility that Ramirez will join the team in a second phase of the tournament, if the Dominican Republic advances.\n\nCruz also highlighted that the decision has been difficult for Ramirez, who has always shown his willingness to represent the country at the event.\n\nFinally, Cruz reported that it will be Jos\u00e9 Ram\u00edrez himself who, in due course, will offer more details about the situation that prevents him from participating in the Classic.","protected":false},"excerpt":{"rendered":"<p>Jos\u00e9 Ram\u00edrez Withdraws from the 2026 World Baseball Classic for Personal Reasons Santo Domingo \u2013 The general manager of the Dominican baseball team, Nelson Cruz, announced this Thursday that third baseman Jos\u00e9 Ram\u00edrez will not be on the roster for the 2026 World Baseball Classic. The absence is due to a personal situation that prevents [&hellip;]<\/p>\n","protected":false},"author":1,"featured_media":105860,"comment_status":"open","ping_status":"open","sticky":false,"template":"","format":"standard","meta":{"footnotes":""},"categories":[997],"tags":[11569,1271,2005,1395],"class_list":{"0":"post-105859","1":"post","2":"type-post","3":"status-publish","4":"format-standard","5":"has-post-thumbnail","7":"category-nationals","8":"tag-classic-2026","9":"tag-dominican-republic","10":"tag-jose-ramirez","11":"tag-nelson-cruz"},"amp_enabled":true,"_links":{"self":[{"href":"https:\/\/alofokedeportes.com\/en\/wp-json\/wp\/v2\/posts\/105859","targetHints":{"allow":["GET"]}}],"collection":[{"href":"https:\/\/alofokedeportes.com\/en\/wp-json\/wp\/v2\/posts"}],"about":[{"href":"https:\/\/alofokedeportes.com\/en\/wp-json\/wp\/v2\/types\/post"}],"author":[{"embeddable":true,"href":"https:\/\/alofokedeportes.com\/en\/wp-json\/wp\/v2\/users\/1"}],"replies":[{"embeddable":true,"href":"https:\/\/alofokedeportes.com\/en\/wp-json\/wp\/v2\/comments?post=105859"}],"version-history":[{"count":0,"href":"https:\/\/alofokedeportes.com\/en\/wp-json\/wp\/v2\/posts\/105859\/revisions"}],"wp:featuredmedia":[{"embeddable":true,"href":"https:\/\/alofokedeportes.com\/en\/wp-json\/wp\/v2\/media\/105860"}],"wp:attachment":[{"href":"https:\/\/alofokedeportes.com\/en\/wp-json\/wp\/v2\/media?parent=105859"}],"wp:term":[{"taxonomy":"category","embeddable":true,"href":"https:\/\/alofokedeportes.com\/en\/wp-json\/wp\/v2\/categories?post=105859"},{"taxonomy":"post_tag","embeddable":true,"href":"https:\/\/alofokedeportes.com\/en\/wp-json\/wp\/v2\/tags?post=105859"}],"curies":[{"name":"wp","href":"https:\/\/api.w.org\/{rel}","templated":true}]}}